{"id":11559,"date":"2021-10-01T15:38:23","date_gmt":"2021-10-01T15:38:23","guid":{"rendered":"https:\/\/www.etxalar.eus\/?p=11559"},"modified":"2021-10-01T16:05:50","modified_gmt":"2021-10-01T16:05:50","slug":"eskatu-zure-su-egur-lotea","status":"publish","type":"post","link":"https:\/\/www.etxalar.eus\/es\/eskatu-zure-su-egur-lotea\/","title":{"rendered":"Pide tu lote de le\u00f1a para el fuego"},"content":{"rendered":"<p>[tm_pb_section admin_label=\u00bbsection\u00bb][tm_pb_row admin_label=\u00bbrow\u00bb][tm_pb_column type=\u00bb1_2&#8243;][tm_pb_text admin_label=\u00bbLe\u00f1a texto\u00bb text_orientation=\u00bbjustified\u00bb use_border_color=\u00bboff\u00bb border_color=\u00bb#ffffff\u00bb border_style=\u00bbsolid\u00bb]<\/p>\n<p>El ayuntamiento de Etxalar acaba de publicar el bando para la solicitud de lotes de le\u00f1a. Como siempre se ofrecer\u00e1n dos opciones; Que uno mismo se lo lleve hasta su casa o que el cami\u00f3n lo deposite en casa del solicitante. Cada opci\u00f3n tiene sus condiciones.<\/p>\n<p>El plazo para solicitar lote finaliza el 31 de octubre<\/p>\n<p><a href=\"https:\/\/www.etxalar.eus\/wp-content\/uploads\/2021\/10\/Su-egurra-2021-Baldintza-orokorrak-elebiz.pdf\" target=\"_blank\" rel=\"noopener noreferrer\">Ver aqu\u00ed las condiciones generales.<\/a><\/p>\n<p>&nbsp;<\/p>\n<p>[\/tm_pb_text][\/tm_pb_column][tm_pb_column type=\u00bb1_2&#8243;][tm_pb_image admin_label=\u00bbLena foto\u00bb src=\u00bbhttps:\/\/www.etxalar.eus\/wp-content\/uploads\/2021\/10\/Egur-lotea.jpg\u00bb show_in_lightbox=\u00bboff\u00bb url_new_window=\u00bboff\u00bb use_overlay=\u00bboff\u00bb animation=\u00bboff\u00bb sticky=\u00bboff\u00bb align=\u00bbcenter\u00bb force_fullwidth=\u00bboff\u00bb always_center_on_mobile=\u00bbon\u00bb use_border_color=\u00bboff\u00bb border_color=\u00bb#ffffff\u00bb border_style=\u00bbsolid\u00bb] [\/tm_pb_image][\/tm_pb_column][\/tm_pb_row][\/tm_pb_section]<\/p>\n","protected":false},"excerpt":{"rendered":"<p>Urtero bezala Udalak su egurra eskatzeko deialdia argitaratu du.<\/p>\n","protected":false},"author":9,"featured_media":11557,"comment_status":"open","ping_status":"open","sticky":false,"template":"","format":"standard","meta":{"_et_pb_use_builder":"","_et_pb_old_content":"","_et_gb_content_width":"","footnotes":""},"categories":[],"tags":[],"class_list":["post-11559","post","type-post","status-publish","format-standard","has-post-thumbnail","hentry"],"_links":{"self":[{"href":"https:\/\/www.etxalar.eus\/es\/wp-json\/wp\/v2\/posts\/11559","targetHints":{"allow":["GET"]}}],"collection":[{"href":"https:\/\/www.etxalar.eus\/es\/wp-json\/wp\/v2\/posts"}],"about":[{"href":"https:\/\/www.etxalar.eus\/es\/wp-json\/wp\/v2\/types\/post"}],"author":[{"embeddable":true,"href":"https:\/\/www.etxalar.eus\/es\/wp-json\/wp\/v2\/users\/9"}],"replies":[{"embeddable":true,"href":"https:\/\/www.etxalar.eus\/es\/wp-json\/wp\/v2\/comments?post=11559"}],"version-history":[{"count":3,"href":"https:\/\/www.etxalar.eus\/es\/wp-json\/wp\/v2\/posts\/11559\/revisions"}],"predecessor-version":[{"id":11580,"href":"https:\/\/www.etxalar.eus\/es\/wp-json\/wp\/v2\/posts\/11559\/revisions\/11580"}],"wp:featuredmedia":[{"embeddable":true,"href":"https:\/\/www.etxalar.eus\/es\/wp-json\/wp\/v2\/media\/11557"}],"wp:attachment":[{"href":"https:\/\/www.etxalar.eus\/es\/wp-json\/wp\/v2\/media?parent=11559"}],"wp:term":[{"taxonomy":"category","embeddable":true,"href":"https:\/\/www.etxalar.eus\/es\/wp-json\/wp\/v2\/categories?post=11559"},{"taxonomy":"post_tag","embeddable":true,"href":"https:\/\/www.etxalar.eus\/es\/wp-json\/wp\/v2\/tags?post=11559"}],"curies":[{"name":"wp","href":"https:\/\/api.w.org\/{rel}","templated":true}]}}