{"id":11497,"date":"2021-09-22T15:15:34","date_gmt":"2021-09-22T15:15:34","guid":{"rendered":"https:\/\/www.etxalar.eus\/?p=11497"},"modified":"2021-09-22T15:15:34","modified_gmt":"2021-09-22T15:15:34","slug":"fiesta-de-la-tradicion-de-las-palomeras","status":"publish","type":"post","link":"https:\/\/www.etxalar.eus\/es\/fiesta-de-la-tradicion-de-las-palomeras\/","title":{"rendered":"Fiesta de la  tradici\u00f3n de las palomeras"},"content":{"rendered":"<p>[tm_pb_section admin_label=\u00bbsection\u00bb][tm_pb_row admin_label=\u00bbrow\u00bb][tm_pb_column type=\u00bb1_3&#8243;][tm_pb_text admin_label=\u00bbUsat trad best testua\u00bb text_orientation=\u00bbjustified\u00bb use_border_color=\u00bboff\u00bb border_color=\u00bb#ffffff\u00bb border_style=\u00bbsolid\u00bb]<\/p>\n<p>Tal y como sucedi\u00f3 en 2020, este a\u00f1o tambi\u00e9n motivados por la crisis sanitaria del Covid-19, no se celebrar\u00e1 la Fiesta de la Tradici\u00f3n de las Palomeras. Por otro lado, al igual que el a\u00f1o pasado, se realizar\u00e1 la r\u00fabrica de la firma del convenio entre los pueblos de Etxalar y Sara el cual garantiza la conservaci\u00f3n de la tradici\u00f3n de la captura de palomas con red.<\/p>\n<p>El acto concretamente ser\u00e1 el pr\u00f3ximo 26 de septiembre las casetas de Sara en el alto de Lizaieta. Entre otros, estar\u00e1n presentes los alcaldes de Etxalar y Sara.<\/p>\n<p>[\/tm_pb_text][\/tm_pb_column][tm_pb_column type=\u00bb2_3&#8243;][tm_pb_image admin_label=\u00bbUsat tradfira foto\u00bb src=\u00bbhttps:\/\/www.etxalar.eus\/wp-content\/uploads\/2021\/09\/Usategietako-tradizioaren-b.jpg\u00bb show_in_lightbox=\u00bboff\u00bb url_new_window=\u00bboff\u00bb use_overlay=\u00bboff\u00bb animation=\u00bboff\u00bb sticky=\u00bboff\u00bb align=\u00bbcenter\u00bb force_fullwidth=\u00bboff\u00bb always_center_on_mobile=\u00bbon\u00bb use_border_color=\u00bboff\u00bb border_color=\u00bb#ffffff\u00bb border_style=\u00bbsolid\u00bb] [\/tm_pb_image][\/tm_pb_column][\/tm_pb_row][\/tm_pb_section]<\/p>\n","protected":false},"excerpt":{"rendered":"<p>Al igual que el a\u00f1o pasado, solamente se realizar\u00e1 el rubrica de la firma del convenio.<\/p>\n","protected":false},"author":9,"featured_media":11493,"comment_status":"open","ping_status":"open","sticky":false,"template":"","format":"standard","meta":{"_et_pb_use_builder":"","_et_pb_old_content":"","_et_gb_content_width":"","footnotes":""},"categories":[],"tags":[],"class_list":["post-11497","post","type-post","status-publish","format-standard","has-post-thumbnail","hentry"],"_links":{"self":[{"href":"https:\/\/www.etxalar.eus\/es\/wp-json\/wp\/v2\/posts\/11497","targetHints":{"allow":["GET"]}}],"collection":[{"href":"https:\/\/www.etxalar.eus\/es\/wp-json\/wp\/v2\/posts"}],"about":[{"href":"https:\/\/www.etxalar.eus\/es\/wp-json\/wp\/v2\/types\/post"}],"author":[{"embeddable":true,"href":"https:\/\/www.etxalar.eus\/es\/wp-json\/wp\/v2\/users\/9"}],"replies":[{"embeddable":true,"href":"https:\/\/www.etxalar.eus\/es\/wp-json\/wp\/v2\/comments?post=11497"}],"version-history":[{"count":2,"href":"https:\/\/www.etxalar.eus\/es\/wp-json\/wp\/v2\/posts\/11497\/revisions"}],"predecessor-version":[{"id":11499,"href":"https:\/\/www.etxalar.eus\/es\/wp-json\/wp\/v2\/posts\/11497\/revisions\/11499"}],"wp:featuredmedia":[{"embeddable":true,"href":"https:\/\/www.etxalar.eus\/es\/wp-json\/wp\/v2\/media\/11493"}],"wp:attachment":[{"href":"https:\/\/www.etxalar.eus\/es\/wp-json\/wp\/v2\/media?parent=11497"}],"wp:term":[{"taxonomy":"category","embeddable":true,"href":"https:\/\/www.etxalar.eus\/es\/wp-json\/wp\/v2\/categories?post=11497"},{"taxonomy":"post_tag","embeddable":true,"href":"https:\/\/www.etxalar.eus\/es\/wp-json\/wp\/v2\/tags?post=11497"}],"curies":[{"name":"wp","href":"https:\/\/api.w.org\/{rel}","templated":true}]}}