{"id":11445,"date":"2021-08-27T09:10:28","date_gmt":"2021-08-27T09:10:28","guid":{"rendered":"https:\/\/www.etxalar.eus\/?p=11445"},"modified":"2021-08-27T09:10:28","modified_gmt":"2021-08-27T09:10:28","slug":"curso-de-yoga-dinamico","status":"publish","type":"post","link":"https:\/\/www.etxalar.eus\/es\/curso-de-yoga-dinamico\/","title":{"rendered":"Curso de Yoga din\u00e1mico"},"content":{"rendered":"<p>[tm_pb_section admin_label=\u00bbsection\u00bb][tm_pb_row admin_label=\u00bbrow\u00bb][tm_pb_column type=\u00bb1_2&#8243;][tm_pb_text admin_label=\u00bbCurso de Yoga &#8211; Texto\u00bb text_orientation=\u00bbjustified\u00bb use_border_color=\u00bboff\u00bb border_color=\u00bb#ffffff\u00bb border_style=\u00bbsolid\u00bb]<\/p>\n<p>A medida que avanza el verano, en nuestro pueblo se pone en marcha la organizaci\u00f3n de diferentes cursos. El primero que se pondr\u00e1 en marcha ser\u00e1 el curso de Yoga din\u00e1mico ( Yoga Vinysa) que ofrecer\u00e1 Irantzu Piquero. Se llevar\u00e1 a cabo en las escuelas viejas, ser\u00e1n 6 sesiones (55\u20ac) todos los martes (18:00-19:30), comenzando el pr\u00f3ximo 14 de septiembre.<\/p>\n<p>Los interesados tienes dos formas de realizar la inscripci\u00f3n: <a href=\"mailto:santakali@mailbox.org\">santakali@mailbox.org<\/a>&nbsp; \/ 722 47 45 53.<\/p>\n<p>M\u00e1s informaci\u00f3n sobre el curso en el cartel.<\/p>\n<p>M\u00e1s informaci\u00f3n sobre Irantzu Piquero en <a href=\"https:\/\/www.santakali.org\/\">https:\/\/www.santakali.org\/<\/a><\/p>\n<p>&nbsp;<\/p>\n<p>[\/tm_pb_text][\/tm_pb_column][tm_pb_column type=\u00bb1_2&#8243;][tm_pb_image admin_label=\u00bbYoga cartel\u00bb src=\u00bbhttps:\/\/www.etxalar.eus\/wp-content\/uploads\/2021\/08\/vinyasayogaetxalar-scaled.jpg\u00bb show_in_lightbox=\u00bboff\u00bb url_new_window=\u00bboff\u00bb use_overlay=\u00bboff\u00bb animation=\u00bboff\u00bb sticky=\u00bboff\u00bb align=\u00bbcenter\u00bb force_fullwidth=\u00bboff\u00bb always_center_on_mobile=\u00bbon\u00bb use_border_color=\u00bboff\u00bb border_color=\u00bb#ffffff\u00bb border_style=\u00bbsolid\u00bb] [\/tm_pb_image][\/tm_pb_column][\/tm_pb_row][\/tm_pb_section]<\/p>\n","protected":false},"excerpt":{"rendered":"<p>Vinyasa Yoga bezala ere ezaguna da diziplina hau.<\/p>\n","protected":false},"author":9,"featured_media":11456,"comment_status":"open","ping_status":"open","sticky":false,"template":"","format":"standard","meta":{"_et_pb_use_builder":"","_et_pb_old_content":"","_et_gb_content_width":"","footnotes":""},"categories":[235],"tags":[],"class_list":["post-11445","post","type-post","status-publish","format-standard","has-post-thumbnail","hentry","category-uncategorized-eu"],"_links":{"self":[{"href":"https:\/\/www.etxalar.eus\/es\/wp-json\/wp\/v2\/posts\/11445","targetHints":{"allow":["GET"]}}],"collection":[{"href":"https:\/\/www.etxalar.eus\/es\/wp-json\/wp\/v2\/posts"}],"about":[{"href":"https:\/\/www.etxalar.eus\/es\/wp-json\/wp\/v2\/types\/post"}],"author":[{"embeddable":true,"href":"https:\/\/www.etxalar.eus\/es\/wp-json\/wp\/v2\/users\/9"}],"replies":[{"embeddable":true,"href":"https:\/\/www.etxalar.eus\/es\/wp-json\/wp\/v2\/comments?post=11445"}],"version-history":[{"count":2,"href":"https:\/\/www.etxalar.eus\/es\/wp-json\/wp\/v2\/posts\/11445\/revisions"}],"predecessor-version":[{"id":11447,"href":"https:\/\/www.etxalar.eus\/es\/wp-json\/wp\/v2\/posts\/11445\/revisions\/11447"}],"wp:featuredmedia":[{"embeddable":true,"href":"https:\/\/www.etxalar.eus\/es\/wp-json\/wp\/v2\/media\/11456"}],"wp:attachment":[{"href":"https:\/\/www.etxalar.eus\/es\/wp-json\/wp\/v2\/media?parent=11445"}],"wp:term":[{"taxonomy":"category","embeddable":true,"href":"https:\/\/www.etxalar.eus\/es\/wp-json\/wp\/v2\/categories?post=11445"},{"taxonomy":"post_tag","embeddable":true,"href":"https:\/\/www.etxalar.eus\/es\/wp-json\/wp\/v2\/tags?post=11445"}],"curies":[{"name":"wp","href":"https:\/\/api.w.org\/{rel}","templated":true}]}}