{"id":11435,"date":"2021-08-24T11:18:43","date_gmt":"2021-08-24T11:18:43","guid":{"rendered":"https:\/\/www.etxalar.eus\/?p=11435"},"modified":"2021-08-24T11:19:23","modified_gmt":"2021-08-24T11:19:23","slug":"sesion-de-deporte-rural","status":"publish","type":"post","link":"https:\/\/www.etxalar.eus\/es\/sesion-de-deporte-rural\/","title":{"rendered":"Sesion de Deporte Rural"},"content":{"rendered":"<p>[tm_pb_section admin_label=\u00bbsection\u00bb][tm_pb_row admin_label=\u00bbrow\u00bb][tm_pb_column type=\u00bb1_3&#8243;][tm_pb_text admin_label=\u00bbHerri kirolak texto\u00bb text_orientation=\u00bbjustified\u00bb use_border_color=\u00bboff\u00bb border_color=\u00bb#ffffff\u00bb border_style=\u00bbsolid\u00bb]<\/p>\n<p>La sesi\u00f3n de deporte rural que se iba a celebrar el pasado 17 de julio, ya tiene nueva fecha. Este se celebrar\u00e1 el pr\u00f3ximo 28 de agosto a las 12 del mediod\u00eda en la plaza del pueblo. Se medir\u00e1n las fuerzas 7 \u201caizkolaris\u201d (Hombres) y 6 portadores de chingas (3 mujeres y 3 hombres) dentro del Campeonato de 3\u00aa de \u201caizkolaris\u201d de Navarra y el Campeonato Navarra respectivamente.<\/p>\n<p>El acto lo ha organizado el ayuntamiento dentro de la programaci\u00f3n alternativa a las No fiestas.<\/p>\n<p>[\/tm_pb_text][\/tm_pb_column][tm_pb_column type=\u00bb2_3&#8243;][tm_pb_image admin_label=\u00bbHerri kirolak cartel\u00bb src=\u00bbhttps:\/\/www.etxalar.eus\/wp-content\/uploads\/2021\/08\/Herri-Kirolak-EZ-bestak-2021.jpeg\u00bb show_in_lightbox=\u00bboff\u00bb url=\u00bbhttps:\/\/www.etxalar.eus\/wp-content\/uploads\/2021\/08\/Herri-Kirolak-EZ-bestak-2021.pdf\u00bb url_new_window=\u00bbon\u00bb use_overlay=\u00bboff\u00bb animation=\u00bboff\u00bb sticky=\u00bboff\u00bb align=\u00bbcenter\u00bb force_fullwidth=\u00bboff\u00bb always_center_on_mobile=\u00bbon\u00bb use_border_color=\u00bboff\u00bb border_color=\u00bb#ffffff\u00bb border_style=\u00bbsolid\u00bb] [\/tm_pb_image][\/tm_pb_column][\/tm_pb_row][\/tm_pb_section]<\/p>\n","protected":false},"excerpt":{"rendered":"<p>Habr\u00e1 la posibilidad de ver \u201cAizkolaris\u201d y \u201cPortadores  de Txingas\u201d en la plaza del pueblo.<\/p>\n","protected":false},"author":9,"featured_media":11433,"comment_status":"open","ping_status":"open","sticky":false,"template":"","format":"standard","meta":{"_et_pb_use_builder":"","_et_pb_old_content":"","_et_gb_content_width":"","footnotes":""},"categories":[259],"tags":[],"class_list":["post-11435","post","type-post","status-publish","format-standard","has-post-thumbnail","hentry","category-celebraciones"],"_links":{"self":[{"href":"https:\/\/www.etxalar.eus\/es\/wp-json\/wp\/v2\/posts\/11435","targetHints":{"allow":["GET"]}}],"collection":[{"href":"https:\/\/www.etxalar.eus\/es\/wp-json\/wp\/v2\/posts"}],"about":[{"href":"https:\/\/www.etxalar.eus\/es\/wp-json\/wp\/v2\/types\/post"}],"author":[{"embeddable":true,"href":"https:\/\/www.etxalar.eus\/es\/wp-json\/wp\/v2\/users\/9"}],"replies":[{"embeddable":true,"href":"https:\/\/www.etxalar.eus\/es\/wp-json\/wp\/v2\/comments?post=11435"}],"version-history":[{"count":2,"href":"https:\/\/www.etxalar.eus\/es\/wp-json\/wp\/v2\/posts\/11435\/revisions"}],"predecessor-version":[{"id":11437,"href":"https:\/\/www.etxalar.eus\/es\/wp-json\/wp\/v2\/posts\/11435\/revisions\/11437"}],"wp:featuredmedia":[{"embeddable":true,"href":"https:\/\/www.etxalar.eus\/es\/wp-json\/wp\/v2\/media\/11433"}],"wp:attachment":[{"href":"https:\/\/www.etxalar.eus\/es\/wp-json\/wp\/v2\/media?parent=11435"}],"wp:term":[{"taxonomy":"category","embeddable":true,"href":"https:\/\/www.etxalar.eus\/es\/wp-json\/wp\/v2\/categories?post=11435"},{"taxonomy":"post_tag","embeddable":true,"href":"https:\/\/www.etxalar.eus\/es\/wp-json\/wp\/v2\/tags?post=11435"}],"curies":[{"name":"wp","href":"https:\/\/api.w.org\/{rel}","templated":true}]}}