{"id":11405,"date":"2021-08-09T09:34:02","date_gmt":"2021-08-09T09:34:02","guid":{"rendered":"https:\/\/www.etxalar.eus\/?p=11405"},"modified":"2021-08-09T09:35:06","modified_gmt":"2021-08-09T09:35:06","slug":"uso-postuen-enkantea","status":"publish","type":"post","link":"https:\/\/www.etxalar.eus\/es\/uso-postuen-enkantea\/","title":{"rendered":"Subasta de los puestos de caza"},"content":{"rendered":"<p>[tm_pb_section admin_label=\u00bbsection\u00bb][tm_pb_row admin_label=\u00bbrow\u00bb][tm_pb_column type=\u00bb1_2&#8243;][tm_pb_text admin_label=\u00bbTestua usategietako enkantea 2021&#8243; text_orientation=\u00bbjustified\u00bb use_border_color=\u00bboff\u00bb border_color=\u00bb#ffffff\u00bb border_style=\u00bbsolid\u00bb]<\/p>\n<p>El ayuntamiento de Etxalar, como es habitual en estas fechas, sacar\u00e1 a subasta los puestos de caza que hay dispersos en el monte Iarmendi. Como se hizo el a\u00f1o pasado, esta se llevar\u00e1 a cabo en la sala de la casa de cultura de Etxalar el pr\u00f3ximo 4 de septiembre a las 12 del mediod\u00eda.<\/p>\n<p>Las condiciones <a href=\"https:\/\/www.etxalar.eus\/wp-content\/uploads\/2021\/08\/USO-POSTUEN-ENKANTEA-2021-baldintza-plegua-ele-biz-WEB.pdf\">aqu\u00ed<\/a><\/p>\n<p>[\/tm_pb_text][\/tm_pb_column][tm_pb_column type=\u00bb1_2&#8243;][tm_pb_image admin_label=\u00bbPalomeras foto\u00bb src=\u00bbhttps:\/\/www.etxalar.eus\/wp-content\/uploads\/2020\/09\/Usategiak-ehiza-postua.jpg\u00bb show_in_lightbox=\u00bboff\u00bb url_new_window=\u00bboff\u00bb use_overlay=\u00bboff\u00bb animation=\u00bboff\u00bb sticky=\u00bboff\u00bb align=\u00bbcenter\u00bb force_fullwidth=\u00bboff\u00bb always_center_on_mobile=\u00bbon\u00bb use_border_color=\u00bboff\u00bb border_color=\u00bb#ffffff\u00bb border_style=\u00bbsolid\u00bb] [\/tm_pb_image][\/tm_pb_column][\/tm_pb_row][\/tm_pb_section]<\/p>\n","protected":false},"excerpt":{"rendered":"<p>Pronto se pondr\u00e1 en marcha la temporada 2021 de las palomeras.<\/p>\n","protected":false},"author":9,"featured_media":11404,"comment_status":"open","ping_status":"open","sticky":false,"template":"","format":"standard","meta":{"_et_pb_use_builder":"","_et_pb_old_content":"","_et_gb_content_width":"","footnotes":""},"categories":[],"tags":[],"class_list":["post-11405","post","type-post","status-publish","format-standard","has-post-thumbnail","hentry"],"_links":{"self":[{"href":"https:\/\/www.etxalar.eus\/es\/wp-json\/wp\/v2\/posts\/11405","targetHints":{"allow":["GET"]}}],"collection":[{"href":"https:\/\/www.etxalar.eus\/es\/wp-json\/wp\/v2\/posts"}],"about":[{"href":"https:\/\/www.etxalar.eus\/es\/wp-json\/wp\/v2\/types\/post"}],"author":[{"embeddable":true,"href":"https:\/\/www.etxalar.eus\/es\/wp-json\/wp\/v2\/users\/9"}],"replies":[{"embeddable":true,"href":"https:\/\/www.etxalar.eus\/es\/wp-json\/wp\/v2\/comments?post=11405"}],"version-history":[{"count":3,"href":"https:\/\/www.etxalar.eus\/es\/wp-json\/wp\/v2\/posts\/11405\/revisions"}],"predecessor-version":[{"id":11408,"href":"https:\/\/www.etxalar.eus\/es\/wp-json\/wp\/v2\/posts\/11405\/revisions\/11408"}],"wp:featuredmedia":[{"embeddable":true,"href":"https:\/\/www.etxalar.eus\/es\/wp-json\/wp\/v2\/media\/11404"}],"wp:attachment":[{"href":"https:\/\/www.etxalar.eus\/es\/wp-json\/wp\/v2\/media?parent=11405"}],"wp:term":[{"taxonomy":"category","embeddable":true,"href":"https:\/\/www.etxalar.eus\/es\/wp-json\/wp\/v2\/categories?post=11405"},{"taxonomy":"post_tag","embeddable":true,"href":"https:\/\/www.etxalar.eus\/es\/wp-json\/wp\/v2\/tags?post=11405"}],"curies":[{"name":"wp","href":"https:\/\/api.w.org\/{rel}","templated":true}]}}