{"id":11392,"date":"2021-08-06T10:11:42","date_gmt":"2021-08-06T10:11:42","guid":{"rendered":"https:\/\/www.etxalar.eus\/?p=11392"},"modified":"2021-08-06T10:11:42","modified_gmt":"2021-08-06T10:11:42","slug":"ganas-de-cambiar-de-trabajo","status":"publish","type":"post","link":"https:\/\/www.etxalar.eus\/es\/ganas-de-cambiar-de-trabajo\/","title":{"rendered":"\u00bfGanas de cambiar de trabajo?"},"content":{"rendered":"<p>[tm_pb_section admin_label=\u00bbsection\u00bb][tm_pb_row admin_label=\u00bbrow\u00bb][tm_pb_column type=\u00bb1_2&#8243;][tm_pb_text admin_label=\u00bbAgricultura texto\u00bb text_orientation=\u00bbjustified\u00bb use_border_color=\u00bboff\u00bb border_color=\u00bb#ffffff\u00bb border_style=\u00bbsolid\u00bb]<\/p>\n<p>Si te encuentras en paro o en un momento de incertidumbre, la oferta que hace EHNE te puede resultar interesante.<\/p>\n<p>El pr\u00f3ximo 12 de agosto, en el cine de Doneztebe (a las 18:00h) se hablar\u00e1 sobre diferentes temas relacionados con el mundo de la agricultura; ayudas al sector, ayudas a j\u00f3venes, ayudas para inversiones, producci\u00f3n ecol\u00f3gica, relevo generacional\u2026<\/p>\n<p>No desaproveches la oportunidad y ac\u00e9rcate a la charla.<\/p>\n<p>\u00a1Qui\u00e9n sabe, tal vez encuentres una nueva forma de vivir!<\/p>\n<p>[\/tm_pb_text][\/tm_pb_column][tm_pb_column type=\u00bb1_2&#8243;][tm_pb_image admin_label=\u00bbFoto cartel\u00bb src=\u00bbhttps:\/\/www.etxalar.eus\/wp-content\/uploads\/2021\/08\/EHNEren-hitzaldia-Donezteben-2-1.png\u00bb show_in_lightbox=\u00bboff\u00bb url_new_window=\u00bboff\u00bb use_overlay=\u00bboff\u00bb animation=\u00bboff\u00bb sticky=\u00bboff\u00bb align=\u00bbcenter\u00bb force_fullwidth=\u00bboff\u00bb always_center_on_mobile=\u00bbon\u00bb use_border_color=\u00bboff\u00bb border_color=\u00bb#ffffff\u00bb border_style=\u00bbsolid\u00bb] [\/tm_pb_image][\/tm_pb_column][\/tm_pb_row][\/tm_pb_section]<\/p>\n","protected":false},"excerpt":{"rendered":"<p>Charla informativa sobre empleo en el mundo de la agricultura.<\/p>\n","protected":false},"author":9,"featured_media":11386,"comment_status":"open","ping_status":"open","sticky":false,"template":"","format":"standard","meta":{"_et_pb_use_builder":"","_et_pb_old_content":"","_et_gb_content_width":"","footnotes":""},"categories":[1],"tags":[],"class_list":["post-11392","post","type-post","status-publish","format-standard","has-post-thumbnail","hentry","category-sin-categorizar"],"_links":{"self":[{"href":"https:\/\/www.etxalar.eus\/es\/wp-json\/wp\/v2\/posts\/11392","targetHints":{"allow":["GET"]}}],"collection":[{"href":"https:\/\/www.etxalar.eus\/es\/wp-json\/wp\/v2\/posts"}],"about":[{"href":"https:\/\/www.etxalar.eus\/es\/wp-json\/wp\/v2\/types\/post"}],"author":[{"embeddable":true,"href":"https:\/\/www.etxalar.eus\/es\/wp-json\/wp\/v2\/users\/9"}],"replies":[{"embeddable":true,"href":"https:\/\/www.etxalar.eus\/es\/wp-json\/wp\/v2\/comments?post=11392"}],"version-history":[{"count":2,"href":"https:\/\/www.etxalar.eus\/es\/wp-json\/wp\/v2\/posts\/11392\/revisions"}],"predecessor-version":[{"id":11394,"href":"https:\/\/www.etxalar.eus\/es\/wp-json\/wp\/v2\/posts\/11392\/revisions\/11394"}],"wp:featuredmedia":[{"embeddable":true,"href":"https:\/\/www.etxalar.eus\/es\/wp-json\/wp\/v2\/media\/11386"}],"wp:attachment":[{"href":"https:\/\/www.etxalar.eus\/es\/wp-json\/wp\/v2\/media?parent=11392"}],"wp:term":[{"taxonomy":"category","embeddable":true,"href":"https:\/\/www.etxalar.eus\/es\/wp-json\/wp\/v2\/categories?post=11392"},{"taxonomy":"post_tag","embeddable":true,"href":"https:\/\/www.etxalar.eus\/es\/wp-json\/wp\/v2\/tags?post=11392"}],"curies":[{"name":"wp","href":"https:\/\/api.w.org\/{rel}","templated":true}]}}