{"id":11376,"date":"2021-07-26T11:26:19","date_gmt":"2021-07-26T11:26:19","guid":{"rendered":"https:\/\/www.etxalar.eus\/?p=11376"},"modified":"2021-07-26T11:26:19","modified_gmt":"2021-07-26T11:26:19","slug":"dia-del-nino-2021","status":"publish","type":"post","link":"https:\/\/www.etxalar.eus\/es\/dia-del-nino-2021\/","title":{"rendered":"Dia del ni\u00f1o 2021"},"content":{"rendered":"<p>[tm_pb_section admin_label=\u00bbsection\u00bb][tm_pb_row admin_label=\u00bbrow\u00bb][tm_pb_column type=\u00bb1_3&#8243;][tm_pb_text admin_label=\u00bbDia del ni\u00f1o texto\u00bb text_orientation=\u00bbjustified\u00bb use_border_color=\u00bboff\u00bb border_color=\u00bb#ffffff\u00bb border_style=\u00bbsolid\u00bb]<\/p>\n<p>Tal y como lo anunci\u00f3 semanas atr\u00e1s el ayuntamiento de Etxalar, este a\u00f1o tampoco habr\u00e1n fiestas patronales en el pueblo. En vez ello, se han organizado diferentes eventos que se desarrollar\u00e1n durante el verano.<\/p>\n<p>El primero, el programado para el pasado 18 de julio fue suspendido por el empeoramiento en la zona de la situaci\u00f3n de la pandemia del COVID-19 y todav\u00eda no est\u00e1 decidido donde se va a llevar a cabo el mencionado evento.<\/p>\n<p>Para este domingo por otra parte, el Ayuntamiento de Etxalar ha organizado el d\u00eda del ni\u00f1o. Con este d\u00eda, la empresa Navar producciones ofrecer\u00e1 un parque infantil y tren chu-chu por la ma\u00f1ana (11:00-13:00) y por la tarde (15:00-18:00).<\/p>\n<p>[\/tm_pb_text][\/tm_pb_column][tm_pb_column type=\u00bb2_3&#8243;][tm_pb_image admin_label=\u00bbHaurraren eguna cartel\u00bb src=\u00bbhttps:\/\/www.etxalar.eus\/wp-content\/uploads\/2021\/07\/Haurreraen-eguna-kartela.jpg\u00bb show_in_lightbox=\u00bboff\u00bb url_new_window=\u00bboff\u00bb use_overlay=\u00bboff\u00bb animation=\u00bboff\u00bb sticky=\u00bboff\u00bb align=\u00bbcenter\u00bb force_fullwidth=\u00bboff\u00bb always_center_on_mobile=\u00bbon\u00bb use_border_color=\u00bboff\u00bb border_color=\u00bb#ffffff\u00bb border_style=\u00bbsolid\u00bb] [\/tm_pb_image][\/tm_pb_column][\/tm_pb_row][\/tm_pb_section]<\/p>\n","protected":false},"excerpt":{"rendered":"<p>Aurten ez direnez Herriko bestak izanen, Etxalarko Udalak zenbait ekitaldi antolatu ditu udarako.<\/p>\n","protected":false},"author":9,"featured_media":11372,"comment_status":"open","ping_status":"open","sticky":false,"template":"","format":"standard","meta":{"_et_pb_use_builder":"","_et_pb_old_content":"","_et_gb_content_width":"","footnotes":""},"categories":[],"tags":[],"class_list":["post-11376","post","type-post","status-publish","format-standard","has-post-thumbnail","hentry"],"_links":{"self":[{"href":"https:\/\/www.etxalar.eus\/es\/wp-json\/wp\/v2\/posts\/11376","targetHints":{"allow":["GET"]}}],"collection":[{"href":"https:\/\/www.etxalar.eus\/es\/wp-json\/wp\/v2\/posts"}],"about":[{"href":"https:\/\/www.etxalar.eus\/es\/wp-json\/wp\/v2\/types\/post"}],"author":[{"embeddable":true,"href":"https:\/\/www.etxalar.eus\/es\/wp-json\/wp\/v2\/users\/9"}],"replies":[{"embeddable":true,"href":"https:\/\/www.etxalar.eus\/es\/wp-json\/wp\/v2\/comments?post=11376"}],"version-history":[{"count":2,"href":"https:\/\/www.etxalar.eus\/es\/wp-json\/wp\/v2\/posts\/11376\/revisions"}],"predecessor-version":[{"id":11378,"href":"https:\/\/www.etxalar.eus\/es\/wp-json\/wp\/v2\/posts\/11376\/revisions\/11378"}],"wp:featuredmedia":[{"embeddable":true,"href":"https:\/\/www.etxalar.eus\/es\/wp-json\/wp\/v2\/media\/11372"}],"wp:attachment":[{"href":"https:\/\/www.etxalar.eus\/es\/wp-json\/wp\/v2\/media?parent=11376"}],"wp:term":[{"taxonomy":"category","embeddable":true,"href":"https:\/\/www.etxalar.eus\/es\/wp-json\/wp\/v2\/categories?post=11376"},{"taxonomy":"post_tag","embeddable":true,"href":"https:\/\/www.etxalar.eus\/es\/wp-json\/wp\/v2\/tags?post=11376"}],"curies":[{"name":"wp","href":"https:\/\/api.w.org\/{rel}","templated":true}]}}