{"id":11367,"date":"2021-07-23T10:13:20","date_gmt":"2021-07-23T10:13:20","guid":{"rendered":"https:\/\/www.etxalar.eus\/?p=11367"},"modified":"2021-07-23T10:13:20","modified_gmt":"2021-07-23T10:13:20","slug":"xi-subida-a-las-palomeras-de-etxalar","status":"publish","type":"post","link":"https:\/\/www.etxalar.eus\/es\/xi-subida-a-las-palomeras-de-etxalar\/","title":{"rendered":"XI. subida a las palomeras de Etxalar"},"content":{"rendered":"<p>Cita para los amantes de los coches el pr\u00f3ximo 31 de julio. Con este d\u00eda en Etxalar, se celebrar\u00e1 la XI. Subida a las Palomeras de Etxalar en la carretera que lleva al alto de Lizarrieta y participar\u00e1n coches venidos de toda Euskal Herria y de m\u00e1s lejos.<\/p>\n<p>La primera manga se celebrar\u00e1 a las 15:00, pero la carretera quedar\u00e1 cortada las 13:30.<\/p>\n<p>Si te gusta el mundo del motor, no te puedes perder esta cita.<\/p>\n<p><img loading=\"lazy\" decoding=\"async\" class=\"wp-image-11364 size-large aligncenter\" src=\"https:\/\/www.etxalar.eus\/wp-content\/uploads\/2021\/07\/subida-723x1024.jpg\" alt=\"\" width=\"710\" height=\"1006\"><\/p>\n","protected":false},"excerpt":{"rendered":"<p>Tras unos a\u00f1os en los que no se celebr\u00f3, este a\u00f1o se ha recuperado.<\/p>\n","protected":false},"author":9,"featured_media":11363,"comment_status":"open","ping_status":"open","sticky":false,"template":"","format":"standard","meta":{"_et_pb_use_builder":"","_et_pb_old_content":"","_et_gb_content_width":"","footnotes":""},"categories":[259],"tags":[],"class_list":["post-11367","post","type-post","status-publish","format-standard","has-post-thumbnail","hentry","category-celebraciones"],"_links":{"self":[{"href":"https:\/\/www.etxalar.eus\/es\/wp-json\/wp\/v2\/posts\/11367","targetHints":{"allow":["GET"]}}],"collection":[{"href":"https:\/\/www.etxalar.eus\/es\/wp-json\/wp\/v2\/posts"}],"about":[{"href":"https:\/\/www.etxalar.eus\/es\/wp-json\/wp\/v2\/types\/post"}],"author":[{"embeddable":true,"href":"https:\/\/www.etxalar.eus\/es\/wp-json\/wp\/v2\/users\/9"}],"replies":[{"embeddable":true,"href":"https:\/\/www.etxalar.eus\/es\/wp-json\/wp\/v2\/comments?post=11367"}],"version-history":[{"count":2,"href":"https:\/\/www.etxalar.eus\/es\/wp-json\/wp\/v2\/posts\/11367\/revisions"}],"predecessor-version":[{"id":11369,"href":"https:\/\/www.etxalar.eus\/es\/wp-json\/wp\/v2\/posts\/11367\/revisions\/11369"}],"wp:featuredmedia":[{"embeddable":true,"href":"https:\/\/www.etxalar.eus\/es\/wp-json\/wp\/v2\/media\/11363"}],"wp:attachment":[{"href":"https:\/\/www.etxalar.eus\/es\/wp-json\/wp\/v2\/media?parent=11367"}],"wp:term":[{"taxonomy":"category","embeddable":true,"href":"https:\/\/www.etxalar.eus\/es\/wp-json\/wp\/v2\/categories?post=11367"},{"taxonomy":"post_tag","embeddable":true,"href":"https:\/\/www.etxalar.eus\/es\/wp-json\/wp\/v2\/tags?post=11367"}],"curies":[{"name":"wp","href":"https:\/\/api.w.org\/{rel}","templated":true}]}}