{"id":11318,"date":"2021-07-07T09:26:51","date_gmt":"2021-07-07T09:26:51","guid":{"rendered":"https:\/\/www.etxalar.eus\/?p=11318"},"modified":"2021-07-07T09:26:51","modified_gmt":"2021-07-07T09:26:51","slug":"deporte-rural-en-el-pueblo","status":"publish","type":"post","link":"https:\/\/www.etxalar.eus\/es\/deporte-rural-en-el-pueblo\/","title":{"rendered":"Deporte Rural en el pueblo"},"content":{"rendered":"<p>[tm_pb_section admin_label=\u00bbsection\u00bb][tm_pb_row admin_label=\u00bbrow\u00bb][tm_pb_column type=\u00bb1_2&#8243;][tm_pb_text admin_label=\u00bbTexto deporte rural\u00bb text_orientation=\u00bbjustified\u00bb use_border_color=\u00bboff\u00bb border_color=\u00bb#ffffff\u00bb border_style=\u00bbsolid\u00bb]<\/p>\n<p>Este a\u00f1o, al igual que el anterior, no se van a celebrar las fiestas patronales. En su lugar el Ayuntamiento de Etxalar organizar\u00e1 diferentes eventos a lo largo del verano.<\/p>\n<p>El primero de ellos ser\u00e1 el pr\u00f3ximo 17 de julio. Para este d\u00eda se ha organizado un festival de deporte rural. En \u00e9l se llevaran a cabo la ronda eliminatoria del campeonato de hachas de tercera divisi\u00f3n y el campeonato Navarro de transporte de chingas.<\/p>\n<p>Debido a la situaci\u00f3n en la que estamos hoy en d\u00eda, el aforo ser\u00e1 limitado.<\/p>\n<p>&nbsp;<\/p>\n<p>[\/tm_pb_text][tm_pb_image admin_label=\u00bbHachas\u00bb src=\u00bbhttps:\/\/www.etxalar.eus\/wp-content\/uploads\/2021\/07\/aizkoarean.jpg\u00bb show_in_lightbox=\u00bboff\u00bb url_new_window=\u00bboff\u00bb use_overlay=\u00bboff\u00bb animation=\u00bboff\u00bb sticky=\u00bboff\u00bb align=\u00bbcenter\u00bb force_fullwidth=\u00bboff\u00bb always_center_on_mobile=\u00bbon\u00bb use_border_color=\u00bboff\u00bb border_color=\u00bb#ffffff\u00bb border_style=\u00bbsolid\u00bb] [\/tm_pb_image][\/tm_pb_column][tm_pb_column type=\u00bb1_2&#8243;][tm_pb_image admin_label=\u00bbCartel Deporte Rural\u00bb src=\u00bbhttps:\/\/www.etxalar.eus\/wp-content\/uploads\/2021\/07\/Etxalar-kartela-Herri-Kirol.jpg\u00bb show_in_lightbox=\u00bboff\u00bb url_new_window=\u00bboff\u00bb use_overlay=\u00bboff\u00bb animation=\u00bboff\u00bb sticky=\u00bboff\u00bb align=\u00bbcenter\u00bb force_fullwidth=\u00bboff\u00bb always_center_on_mobile=\u00bbon\u00bb use_border_color=\u00bboff\u00bb border_color=\u00bb#ffffff\u00bb border_style=\u00bbsolid\u00bb] [\/tm_pb_image][\/tm_pb_column][\/tm_pb_row][\/tm_pb_section]<\/p>\n","protected":false},"excerpt":{"rendered":"<p>Aurten herriko bestak ez direnez izanen, ekitaldi desberdinak antolatuko ditu Udalak.<\/p>\n","protected":false},"author":9,"featured_media":11313,"comment_status":"open","ping_status":"open","sticky":false,"template":"","format":"standard","meta":{"_et_pb_use_builder":"","_et_pb_old_content":"","_et_gb_content_width":"","footnotes":""},"categories":[],"tags":[],"class_list":["post-11318","post","type-post","status-publish","format-standard","has-post-thumbnail","hentry"],"_links":{"self":[{"href":"https:\/\/www.etxalar.eus\/es\/wp-json\/wp\/v2\/posts\/11318","targetHints":{"allow":["GET"]}}],"collection":[{"href":"https:\/\/www.etxalar.eus\/es\/wp-json\/wp\/v2\/posts"}],"about":[{"href":"https:\/\/www.etxalar.eus\/es\/wp-json\/wp\/v2\/types\/post"}],"author":[{"embeddable":true,"href":"https:\/\/www.etxalar.eus\/es\/wp-json\/wp\/v2\/users\/9"}],"replies":[{"embeddable":true,"href":"https:\/\/www.etxalar.eus\/es\/wp-json\/wp\/v2\/comments?post=11318"}],"version-history":[{"count":2,"href":"https:\/\/www.etxalar.eus\/es\/wp-json\/wp\/v2\/posts\/11318\/revisions"}],"predecessor-version":[{"id":11320,"href":"https:\/\/www.etxalar.eus\/es\/wp-json\/wp\/v2\/posts\/11318\/revisions\/11320"}],"wp:featuredmedia":[{"embeddable":true,"href":"https:\/\/www.etxalar.eus\/es\/wp-json\/wp\/v2\/media\/11313"}],"wp:attachment":[{"href":"https:\/\/www.etxalar.eus\/es\/wp-json\/wp\/v2\/media?parent=11318"}],"wp:term":[{"taxonomy":"category","embeddable":true,"href":"https:\/\/www.etxalar.eus\/es\/wp-json\/wp\/v2\/categories?post=11318"},{"taxonomy":"post_tag","embeddable":true,"href":"https:\/\/www.etxalar.eus\/es\/wp-json\/wp\/v2\/tags?post=11318"}],"curies":[{"name":"wp","href":"https:\/\/api.w.org\/{rel}","templated":true}]}}