{"id":11233,"date":"2021-06-09T15:29:45","date_gmt":"2021-06-09T15:29:45","guid":{"rendered":"https:\/\/www.etxalar.eus\/?p=11233"},"modified":"2021-06-09T15:29:45","modified_gmt":"2021-06-09T15:29:45","slug":"exposicion-de-pintura","status":"publish","type":"post","link":"https:\/\/www.etxalar.eus\/es\/exposicion-de-pintura\/","title":{"rendered":"Exposici\u00f3n de pintura"},"content":{"rendered":"<p>[tm_pb_section admin_label=\u00bbsection\u00bb][tm_pb_row admin_label=\u00bbrow\u00bb][tm_pb_column type=\u00bb1_3&#8243;][tm_pb_text admin_label=\u00bbTexto expo\u00bb text_orientation=\u00bbjustified\u00bb use_border_color=\u00bboff\u00bb border_color=\u00bb#ffffff\u00bb border_style=\u00bbsolid\u00bb]<\/p>\n<p>En la sala de la casa de cultura, durante dos fines de semana, se podr\u00e1n ver las obras de pintura de Paloma Otxoa. Es expondr\u00e1n sus \u00faltimas obras sobre diferentes temas.<\/p>\n<p>Horario de visita:<\/p>\n<ul>\n<li>19 de junio: De 18:00h a 20:00h.<\/li>\n<li>20 de junio: De 12:00h a 14:00h.<\/li>\n<li>26 de junio: De 18:00h a 20:00h.<\/li>\n<li>27 de junio: De 12:00h a 14:00h.<\/li>\n<\/ul>\n<p>[\/tm_pb_text][\/tm_pb_column][tm_pb_column type=\u00bb2_3&#8243;][tm_pb_image admin_label=\u00bbKartela eraksuketa\u00bb src=\u00bbhttps:\/\/www.etxalar.eus\/wp-content\/uploads\/2021\/06\/Kartela-Erakusketa-Paloma-Otxoa.jpg\u00bb show_in_lightbox=\u00bboff\u00bb url_new_window=\u00bboff\u00bb use_overlay=\u00bboff\u00bb animation=\u00bboff\u00bb sticky=\u00bboff\u00bb align=\u00bbcenter\u00bb force_fullwidth=\u00bboff\u00bb always_center_on_mobile=\u00bbon\u00bb use_border_color=\u00bboff\u00bb border_color=\u00bb#ffffff\u00bb border_style=\u00bbsolid\u00bb] [\/tm_pb_image][\/tm_pb_column][\/tm_pb_row][\/tm_pb_section]<\/p>\n","protected":false},"excerpt":{"rendered":"<p>Se podr\u00e1n ver en la casa de cultura  las obras de Paloma Otxoa.<\/p>\n","protected":false},"author":9,"featured_media":11229,"comment_status":"open","ping_status":"open","sticky":false,"template":"","format":"standard","meta":{"_et_pb_use_builder":"","_et_pb_old_content":"","_et_gb_content_width":"","footnotes":""},"categories":[267],"tags":[],"class_list":["post-11233","post","type-post","status-publish","format-standard","has-post-thumbnail","hentry","category-casa-de-cultura"],"_links":{"self":[{"href":"https:\/\/www.etxalar.eus\/es\/wp-json\/wp\/v2\/posts\/11233","targetHints":{"allow":["GET"]}}],"collection":[{"href":"https:\/\/www.etxalar.eus\/es\/wp-json\/wp\/v2\/posts"}],"about":[{"href":"https:\/\/www.etxalar.eus\/es\/wp-json\/wp\/v2\/types\/post"}],"author":[{"embeddable":true,"href":"https:\/\/www.etxalar.eus\/es\/wp-json\/wp\/v2\/users\/9"}],"replies":[{"embeddable":true,"href":"https:\/\/www.etxalar.eus\/es\/wp-json\/wp\/v2\/comments?post=11233"}],"version-history":[{"count":2,"href":"https:\/\/www.etxalar.eus\/es\/wp-json\/wp\/v2\/posts\/11233\/revisions"}],"predecessor-version":[{"id":11235,"href":"https:\/\/www.etxalar.eus\/es\/wp-json\/wp\/v2\/posts\/11233\/revisions\/11235"}],"wp:featuredmedia":[{"embeddable":true,"href":"https:\/\/www.etxalar.eus\/es\/wp-json\/wp\/v2\/media\/11229"}],"wp:attachment":[{"href":"https:\/\/www.etxalar.eus\/es\/wp-json\/wp\/v2\/media?parent=11233"}],"wp:term":[{"taxonomy":"category","embeddable":true,"href":"https:\/\/www.etxalar.eus\/es\/wp-json\/wp\/v2\/categories?post=11233"},{"taxonomy":"post_tag","embeddable":true,"href":"https:\/\/www.etxalar.eus\/es\/wp-json\/wp\/v2\/tags?post=11233"}],"curies":[{"name":"wp","href":"https:\/\/api.w.org\/{rel}","templated":true}]}}