{"id":11201,"date":"2021-05-26T15:10:59","date_gmt":"2021-05-26T15:10:59","guid":{"rendered":"https:\/\/www.etxalar.eus\/?p=11201"},"modified":"2021-05-26T15:31:29","modified_gmt":"2021-05-26T15:31:29","slug":"ya-viene-la-feria-del-queso","status":"publish","type":"post","link":"https:\/\/www.etxalar.eus\/es\/ya-viene-la-feria-del-queso\/","title":{"rendered":"\u00a1Ya viene la Feria del queso!"},"content":{"rendered":"<p>[tm_pb_section admin_label=\u00bbsection\u00bb][tm_pb_row admin_label=\u00bbrow\u00bb][tm_pb_column type=\u00bb1_2&#8243;][tm_pb_text admin_label=\u00bbGf 21 testua\u00bb text_orientation=\u00bbjustified\u00bb use_border_color=\u00bboff\u00bb border_color=\u00bb#ffffff\u00bb border_style=\u00bbsolid\u00bb]<\/p>\n<p>Por las razones que todos conocemos, XXVIII. Artisau eta Gasna Feria no se pudo celebrar para nuestra desaz\u00f3n. &nbsp;Viendo que la situaci\u00f3n ha mejorado un poco Altxata Kultur eta Kirol Elkartea ha decidido organizar y celebrar de forma sencilla una nueva edici\u00f3n.<\/p>\n<p>Siguiendo la estela de a\u00f1os anteriores, &nbsp;los eventos se celebrar\u00e1n durante el fin de semana, el s\u00e1bado y el domingo.<\/p>\n<p>En el cartel el programa organizado por Altxatak K.K.E.-k.<\/p>\n<p>[\/tm_pb_text][\/tm_pb_column][tm_pb_column type=\u00bb1_2&#8243;][tm_pb_image admin_label=\u00bbCartel GF 2021&#8243; src=\u00bbhttps:\/\/www.etxalar.eus\/wp-content\/uploads\/2021\/05\/2021-06-06-XXVIII.-gasna-feria-ttikia.jpg\u00bb show_in_lightbox=\u00bboff\u00bb url_new_window=\u00bbon\u00bb use_overlay=\u00bboff\u00bb animation=\u00bboff\u00bb sticky=\u00bboff\u00bb align=\u00bbcenter\u00bb force_fullwidth=\u00bboff\u00bb always_center_on_mobile=\u00bbon\u00bb use_border_color=\u00bboff\u00bb border_color=\u00bb#ffffff\u00bb border_style=\u00bbsolid\u00bb title_text=\u00bbVer el cartel\u00bb url=\u00bbhttps:\/\/www.etxalar.eus\/wp-content\/uploads\/2021\/05\/2021-06-06-XXVIII.-gasna-feria.pdf\u00bb] [\/tm_pb_image][\/tm_pb_column][\/tm_pb_row][\/tm_pb_section]<\/p>\n","protected":false},"excerpt":{"rendered":"<p>Aunque de manera m\u00e1s sencilla, se celebrar\u00e1 el primer fin de semana de junio la Feria de Artesan\u00eda y Queso.<\/p>\n","protected":false},"author":9,"featured_media":11197,"comment_status":"open","ping_status":"open","sticky":false,"template":"","format":"standard","meta":{"_et_pb_use_builder":"","_et_pb_old_content":"","_et_gb_content_width":"","footnotes":""},"categories":[259],"tags":[],"class_list":["post-11201","post","type-post","status-publish","format-standard","has-post-thumbnail","hentry","category-celebraciones"],"_links":{"self":[{"href":"https:\/\/www.etxalar.eus\/es\/wp-json\/wp\/v2\/posts\/11201","targetHints":{"allow":["GET"]}}],"collection":[{"href":"https:\/\/www.etxalar.eus\/es\/wp-json\/wp\/v2\/posts"}],"about":[{"href":"https:\/\/www.etxalar.eus\/es\/wp-json\/wp\/v2\/types\/post"}],"author":[{"embeddable":true,"href":"https:\/\/www.etxalar.eus\/es\/wp-json\/wp\/v2\/users\/9"}],"replies":[{"embeddable":true,"href":"https:\/\/www.etxalar.eus\/es\/wp-json\/wp\/v2\/comments?post=11201"}],"version-history":[{"count":3,"href":"https:\/\/www.etxalar.eus\/es\/wp-json\/wp\/v2\/posts\/11201\/revisions"}],"predecessor-version":[{"id":11210,"href":"https:\/\/www.etxalar.eus\/es\/wp-json\/wp\/v2\/posts\/11201\/revisions\/11210"}],"wp:featuredmedia":[{"embeddable":true,"href":"https:\/\/www.etxalar.eus\/es\/wp-json\/wp\/v2\/media\/11197"}],"wp:attachment":[{"href":"https:\/\/www.etxalar.eus\/es\/wp-json\/wp\/v2\/media?parent=11201"}],"wp:term":[{"taxonomy":"category","embeddable":true,"href":"https:\/\/www.etxalar.eus\/es\/wp-json\/wp\/v2\/categories?post=11201"},{"taxonomy":"post_tag","embeddable":true,"href":"https:\/\/www.etxalar.eus\/es\/wp-json\/wp\/v2\/tags?post=11201"}],"curies":[{"name":"wp","href":"https:\/\/api.w.org\/{rel}","templated":true}]}}