{"id":11108,"date":"2021-04-21T15:00:23","date_gmt":"2021-04-21T15:00:23","guid":{"rendered":"https:\/\/www.etxalar.eus\/?p=11108"},"modified":"2021-04-21T15:00:23","modified_gmt":"2021-04-21T15:00:23","slug":"musicoterapia-en-larraburua","status":"publish","type":"post","link":"https:\/\/www.etxalar.eus\/es\/musicoterapia-en-larraburua\/","title":{"rendered":"Musicoterapia en Larraburua"},"content":{"rendered":"<p>[tm_pb_section admin_label=\u00bbsection\u00bb][tm_pb_row admin_label=\u00bbrow\u00bb][tm_pb_column type=\u00bb1_3&#8243;][tm_pb_text admin_label=\u00bbMusikoterapia testua\u00bb text_orientation=\u00bbcenter\u00bb use_border_color=\u00bboff\u00bb border_color=\u00bb#ffffff\u00bb border_style=\u00bbsolid\u00bb]<\/p>\n<p>Otro a\u00f1o m\u00e1s la Larraburau Jubilatu elkartea ha organizado una charla sobre musicoterapia. Esta se llevar\u00e1&nbsp; cabo en Larraburua el pr\u00f3ximo 7 de mayo a las 7 de la tarde. La charla la impartir\u00e1 la terapeuta del Centro de M\u00fasicoTerapia Hazi, Haizea Loira.<\/p>\n<p>La asistencia es&nbsp; libre.<\/p>\n<p>Nota: Aforo limitado a 20 personas<\/p>\n<p>&nbsp;<\/p>\n<p>[\/tm_pb_text][\/tm_pb_column][tm_pb_column type=\u00bb2_3&#8243;][tm_pb_image admin_label=\u00bbCartel musicoterapia\u00bb src=\u00bbhttps:\/\/www.etxalar.eus\/wp-content\/uploads\/2021\/04\/Etxalarrerako-kartela.jpeg\u00bb show_in_lightbox=\u00bboff\u00bb url_new_window=\u00bboff\u00bb use_overlay=\u00bboff\u00bb animation=\u00bboff\u00bb sticky=\u00bboff\u00bb align=\u00bbcenter\u00bb force_fullwidth=\u00bboff\u00bb always_center_on_mobile=\u00bbon\u00bb use_border_color=\u00bboff\u00bb border_color=\u00bb#ffffff\u00bb border_style=\u00bbsolid\u00bb] [\/tm_pb_image][\/tm_pb_column][\/tm_pb_row][\/tm_pb_section]<\/p>\n","protected":false},"excerpt":{"rendered":"<p>Al igual que el a\u00f1o pasado, la sociedad ha organizado la charla.<\/p>\n","protected":false},"author":9,"featured_media":11101,"comment_status":"open","ping_status":"open","sticky":false,"template":"","format":"standard","meta":{"_et_pb_use_builder":"","_et_pb_old_content":"","_et_gb_content_width":"","footnotes":""},"categories":[],"tags":[],"class_list":["post-11108","post","type-post","status-publish","format-standard","has-post-thumbnail","hentry"],"_links":{"self":[{"href":"https:\/\/www.etxalar.eus\/es\/wp-json\/wp\/v2\/posts\/11108","targetHints":{"allow":["GET"]}}],"collection":[{"href":"https:\/\/www.etxalar.eus\/es\/wp-json\/wp\/v2\/posts"}],"about":[{"href":"https:\/\/www.etxalar.eus\/es\/wp-json\/wp\/v2\/types\/post"}],"author":[{"embeddable":true,"href":"https:\/\/www.etxalar.eus\/es\/wp-json\/wp\/v2\/users\/9"}],"replies":[{"embeddable":true,"href":"https:\/\/www.etxalar.eus\/es\/wp-json\/wp\/v2\/comments?post=11108"}],"version-history":[{"count":2,"href":"https:\/\/www.etxalar.eus\/es\/wp-json\/wp\/v2\/posts\/11108\/revisions"}],"predecessor-version":[{"id":11110,"href":"https:\/\/www.etxalar.eus\/es\/wp-json\/wp\/v2\/posts\/11108\/revisions\/11110"}],"wp:featuredmedia":[{"embeddable":true,"href":"https:\/\/www.etxalar.eus\/es\/wp-json\/wp\/v2\/media\/11101"}],"wp:attachment":[{"href":"https:\/\/www.etxalar.eus\/es\/wp-json\/wp\/v2\/media?parent=11108"}],"wp:term":[{"taxonomy":"category","embeddable":true,"href":"https:\/\/www.etxalar.eus\/es\/wp-json\/wp\/v2\/categories?post=11108"},{"taxonomy":"post_tag","embeddable":true,"href":"https:\/\/www.etxalar.eus\/es\/wp-json\/wp\/v2\/tags?post=11108"}],"curies":[{"name":"wp","href":"https:\/\/api.w.org\/{rel}","templated":true}]}}