{"id":11091,"date":"2021-04-14T16:33:13","date_gmt":"2021-04-14T16:33:13","guid":{"rendered":"https:\/\/www.etxalar.eus\/?p=11091"},"modified":"2021-05-06T17:22:22","modified_gmt":"2021-05-06T17:22:22","slug":"taller-rapido-de-moviles","status":"publish","type":"post","link":"https:\/\/www.etxalar.eus\/es\/taller-rapido-de-moviles\/","title":{"rendered":"Taller r\u00e1pido de m\u00f3viles"},"content":{"rendered":"<p>[tm_pb_section admin_label=\u00bbsection\u00bb][tm_pb_row admin_label=\u00bbrow\u00bb][tm_pb_column type=\u00bb1_3&#8243;][tm_pb_text admin_label=\u00bbTaller texto\u00bb text_orientation=\u00bbjustified\u00bb use_border_color=\u00bboff\u00bb border_color=\u00bb#ffffff\u00bb border_style=\u00bbsolid\u00bb]<\/p>\n<p>Para el pr\u00f3ximo 13 de mayo (La primera convoactoria era para el 29 de abril pero se susupendi\u00f3 por falta de gente), la casa de Cultura de Etxalar ha organizado un taller r\u00e1pido para aprender sobre el manejo de los m\u00f3viles.<\/p>\n<p>Durante dos horas se dar\u00e1n a conocer los aspectos principales de un m\u00f3vil y se ense\u00f1ar\u00e1n unas herramientas muy \u00fatiles para el d\u00eda a d\u00eda.<\/p>\n<p>El taller ser\u00e1 para 10 personas y GRATUITO.<\/p>\n<p>Para apuntarse llamar a la Casa de Cultura (948 635 386 16:00-19:45) o escribir a kulturetxea@etxalar.eus&nbsp;<\/p>\n<p>[\/tm_pb_text][\/tm_pb_column][tm_pb_column type=\u00bb2_3&#8243;][tm_pb_image admin_label=\u00bbCartel taller\u00bb src=\u00bbhttps:\/\/www.etxalar.eus\/wp-content\/uploads\/2021\/04\/Mugikorren-tailer-azkarra-2.jpg\u00bb show_in_lightbox=\u00bboff\u00bb url_new_window=\u00bboff\u00bb use_overlay=\u00bboff\u00bb animation=\u00bboff\u00bb sticky=\u00bboff\u00bb align=\u00bbcenter\u00bb force_fullwidth=\u00bboff\u00bb always_center_on_mobile=\u00bbon\u00bb use_border_color=\u00bboff\u00bb border_color=\u00bb#ffffff\u00bb border_style=\u00bbsolid\u00bb] [\/tm_pb_image][\/tm_pb_column][\/tm_pb_row][\/tm_pb_section]<\/p>\n","protected":false},"excerpt":{"rendered":"<p>Dirigido a los vecinos de Etxalar<\/p>\n","protected":false},"author":9,"featured_media":11088,"comment_status":"open","ping_status":"open","sticky":false,"template":"","format":"standard","meta":{"_et_pb_use_builder":"","_et_pb_old_content":"","_et_gb_content_width":"","footnotes":""},"categories":[235],"tags":[],"class_list":["post-11091","post","type-post","status-publish","format-standard","has-post-thumbnail","hentry","category-uncategorized-eu"],"_links":{"self":[{"href":"https:\/\/www.etxalar.eus\/es\/wp-json\/wp\/v2\/posts\/11091","targetHints":{"allow":["GET"]}}],"collection":[{"href":"https:\/\/www.etxalar.eus\/es\/wp-json\/wp\/v2\/posts"}],"about":[{"href":"https:\/\/www.etxalar.eus\/es\/wp-json\/wp\/v2\/types\/post"}],"author":[{"embeddable":true,"href":"https:\/\/www.etxalar.eus\/es\/wp-json\/wp\/v2\/users\/9"}],"replies":[{"embeddable":true,"href":"https:\/\/www.etxalar.eus\/es\/wp-json\/wp\/v2\/comments?post=11091"}],"version-history":[{"count":4,"href":"https:\/\/www.etxalar.eus\/es\/wp-json\/wp\/v2\/posts\/11091\/revisions"}],"predecessor-version":[{"id":11125,"href":"https:\/\/www.etxalar.eus\/es\/wp-json\/wp\/v2\/posts\/11091\/revisions\/11125"}],"wp:featuredmedia":[{"embeddable":true,"href":"https:\/\/www.etxalar.eus\/es\/wp-json\/wp\/v2\/media\/11088"}],"wp:attachment":[{"href":"https:\/\/www.etxalar.eus\/es\/wp-json\/wp\/v2\/media?parent=11091"}],"wp:term":[{"taxonomy":"category","embeddable":true,"href":"https:\/\/www.etxalar.eus\/es\/wp-json\/wp\/v2\/categories?post=11091"},{"taxonomy":"post_tag","embeddable":true,"href":"https:\/\/www.etxalar.eus\/es\/wp-json\/wp\/v2\/tags?post=11091"}],"curies":[{"name":"wp","href":"https:\/\/api.w.org\/{rel}","templated":true}]}}