{"id":11024,"date":"2021-03-31T15:04:12","date_gmt":"2021-03-31T15:04:12","guid":{"rendered":"https:\/\/www.etxalar.eus\/?p=11024"},"modified":"2021-03-31T15:04:12","modified_gmt":"2021-03-31T15:04:12","slug":"la-oficina-de-turismo-en-semana-santa","status":"publish","type":"post","link":"https:\/\/www.etxalar.eus\/es\/la-oficina-de-turismo-en-semana-santa\/","title":{"rendered":"La oficina de Turismo en Semana Santa"},"content":{"rendered":"<p>[tm_pb_section admin_label=\u00bbsection\u00bb][tm_pb_row admin_label=\u00bbrow\u00bb][tm_pb_column type=\u00bb1_3&#8243;][tm_pb_text admin_label=\u00bbturismo bulegoa &#8211; Testua\u00bb text_orientation=\u00bbjustified\u00bb use_border_color=\u00bboff\u00bb border_color=\u00bb#ffffff\u00bb border_style=\u00bbsolid\u00bb]<\/p>\n<p>Como es habitual, fuera del servicio habitual, en las fiestas de Semana Santa tambi\u00e9n abrir\u00e1 la oficina de turismo.<\/p>\n<p>El horario del 1 de abril (Jueves) al 5 (Lunes) ser\u00e1 el siguiente: 11:00-13:00 \/ 17:00-19:00.<\/p>\n<p>Los que quieran tendr\u00e1n la oportunidad de hacer la visita guiada al pueblo junto con Miren: Se har\u00e1n todos los d\u00edas, a las 13:00 y a las 19:00.<\/p>\n<p><strong><a href=\"https:\/\/etxalarturismo.eus\/index.php\/es\/\" target=\"_blank\" rel=\"noopener noreferrer\">www.etxalarturismo.com<\/a> <\/strong><\/p>\n<p>&nbsp;<\/p>\n<p>[\/tm_pb_text][\/tm_pb_column][tm_pb_column type=\u00bb1_3&#8243;][tm_pb_image admin_label=\u00bbOrdutegia\u00bb src=\u00bbhttps:\/\/www.etxalar.eus\/wp-content\/uploads\/2021\/03\/TurismoBulegoaETXALAR-Aste-.jpg\u00bb show_in_lightbox=\u00bboff\u00bb url_new_window=\u00bbon\u00bb use_overlay=\u00bboff\u00bb animation=\u00bbleft\u00bb sticky=\u00bboff\u00bb align=\u00bbleft\u00bb force_fullwidth=\u00bboff\u00bb always_center_on_mobile=\u00bbon\u00bb use_border_color=\u00bboff\u00bb border_color=\u00bb#ffffff\u00bb border_style=\u00bbsolid\u00bb url=\u00bbhttps:\/\/www.etxalar.eus\/wp-content\/uploads\/2021\/03\/Bista-gidatuak-2021-Aste-Sa-convertido.pdf\u00bb] [\/tm_pb_image][\/tm_pb_column][tm_pb_column type=\u00bb1_3&#8243;][tm_pb_image admin_label=\u00bbBisita\u00bb src=\u00bbhttps:\/\/www.etxalar.eus\/wp-content\/uploads\/2021\/03\/Bista-gidatuak-2021-Aste-Sa.jpg\u00bb show_in_lightbox=\u00bboff\u00bb url_new_window=\u00bbon\u00bb use_overlay=\u00bboff\u00bb animation=\u00bbleft\u00bb sticky=\u00bboff\u00bb align=\u00bbleft\u00bb force_fullwidth=\u00bboff\u00bb always_center_on_mobile=\u00bbon\u00bb use_border_color=\u00bboff\u00bb border_color=\u00bb#ffffff\u00bb border_style=\u00bbsolid\u00bb url=\u00bbhttps:\/\/www.etxalar.eus\/wp-content\/uploads\/2021\/03\/Bista-gidatuak-2021-Aste-Sa-convertido.pdf\u00bb] [\/tm_pb_image][\/tm_pb_column][\/tm_pb_row][\/tm_pb_section]<\/p>\n","protected":false},"excerpt":{"rendered":"<p>Como cada a\u00f1o se ofrecer\u00e1n visitas guiadas por la ma\u00f1ana y por la tarde.<\/p>\n","protected":false},"author":9,"featured_media":11015,"comment_status":"open","ping_status":"open","sticky":false,"template":"","format":"standard","meta":{"_et_pb_use_builder":"","_et_pb_old_content":"","_et_gb_content_width":"","footnotes":""},"categories":[],"tags":[],"class_list":["post-11024","post","type-post","status-publish","format-standard","has-post-thumbnail","hentry"],"_links":{"self":[{"href":"https:\/\/www.etxalar.eus\/es\/wp-json\/wp\/v2\/posts\/11024","targetHints":{"allow":["GET"]}}],"collection":[{"href":"https:\/\/www.etxalar.eus\/es\/wp-json\/wp\/v2\/posts"}],"about":[{"href":"https:\/\/www.etxalar.eus\/es\/wp-json\/wp\/v2\/types\/post"}],"author":[{"embeddable":true,"href":"https:\/\/www.etxalar.eus\/es\/wp-json\/wp\/v2\/users\/9"}],"replies":[{"embeddable":true,"href":"https:\/\/www.etxalar.eus\/es\/wp-json\/wp\/v2\/comments?post=11024"}],"version-history":[{"count":2,"href":"https:\/\/www.etxalar.eus\/es\/wp-json\/wp\/v2\/posts\/11024\/revisions"}],"predecessor-version":[{"id":11026,"href":"https:\/\/www.etxalar.eus\/es\/wp-json\/wp\/v2\/posts\/11024\/revisions\/11026"}],"wp:featuredmedia":[{"embeddable":true,"href":"https:\/\/www.etxalar.eus\/es\/wp-json\/wp\/v2\/media\/11015"}],"wp:attachment":[{"href":"https:\/\/www.etxalar.eus\/es\/wp-json\/wp\/v2\/media?parent=11024"}],"wp:term":[{"taxonomy":"category","embeddable":true,"href":"https:\/\/www.etxalar.eus\/es\/wp-json\/wp\/v2\/categories?post=11024"},{"taxonomy":"post_tag","embeddable":true,"href":"https:\/\/www.etxalar.eus\/es\/wp-json\/wp\/v2\/tags?post=11024"}],"curies":[{"name":"wp","href":"https:\/\/api.w.org\/{rel}","templated":true}]}}