{"id":10978,"date":"2021-03-23T15:37:44","date_gmt":"2021-03-23T15:37:44","guid":{"rendered":"https:\/\/www.etxalar.eus\/?p=10978"},"modified":"2021-03-23T15:37:44","modified_gmt":"2021-03-23T15:37:44","slug":"instalacion-de-helisuperficie","status":"publish","type":"post","link":"https:\/\/www.etxalar.eus\/es\/instalacion-de-helisuperficie\/","title":{"rendered":"Instalaci\u00f3n de helisuperficie"},"content":{"rendered":"<p>[tm_pb_section admin_label=\u00bbsection\u00bb][tm_pb_row admin_label=\u00bbrow\u00bb][tm_pb_column type=\u00bb1_3&#8243;][tm_pb_text admin_label=\u00bbHelisuperficie\u00bb text_orientation=\u00bbjustified\u00bb use_border_color=\u00bboff\u00bb border_color=\u00bb#ffffff\u00bb border_style=\u00bbsolid\u00bb]<\/p>\n<p>El pr\u00f3ximo 30 de marzo a las 11:00 en la casa de cultura se va a celebrar una reuni\u00f3n informativa sobre el proyecto de instalaci\u00f3n de una helisuperficie en el barrio Bekolanda.<\/p>\n<p>&nbsp;<\/p>\n<p>[\/tm_pb_text][\/tm_pb_column][tm_pb_column type=\u00bb2_3&#8243;][tm_pb_image admin_label=\u00bbBando \u00bb src=\u00bbhttps:\/\/www.etxalar.eus\/wp-content\/uploads\/2021\/03\/Bandoa-heliazaleraren-ingur.jpg\u00bb show_in_lightbox=\u00bboff\u00bb url=\u00bbhttps:\/\/www.etxalar.eus\/wp-content\/uploads\/2021\/03\/Bandoa-heliazaleraren-inguruko-bilera.pdf\u00bb url_new_window=\u00bbon\u00bb use_overlay=\u00bboff\u00bb animation=\u00bboff\u00bb sticky=\u00bboff\u00bb align=\u00bbcenter\u00bb force_fullwidth=\u00bboff\u00bb always_center_on_mobile=\u00bbon\u00bb use_border_color=\u00bboff\u00bb border_color=\u00bb#ffffff\u00bb border_style=\u00bbsolid\u00bb] [\/tm_pb_image][\/tm_pb_column][\/tm_pb_row][\/tm_pb_section]<\/p>\n","protected":false},"excerpt":{"rendered":"<p>Reuni\u00f3n informativa en la casa de cultura abierta a todos los vecinos.<\/p>\n","protected":false},"author":9,"featured_media":10977,"comment_status":"open","ping_status":"open","sticky":false,"template":"","format":"standard","meta":{"_et_pb_use_builder":"","_et_pb_old_content":"","_et_gb_content_width":"","footnotes":""},"categories":[],"tags":[],"class_list":["post-10978","post","type-post","status-publish","format-standard","has-post-thumbnail","hentry"],"_links":{"self":[{"href":"https:\/\/www.etxalar.eus\/es\/wp-json\/wp\/v2\/posts\/10978","targetHints":{"allow":["GET"]}}],"collection":[{"href":"https:\/\/www.etxalar.eus\/es\/wp-json\/wp\/v2\/posts"}],"about":[{"href":"https:\/\/www.etxalar.eus\/es\/wp-json\/wp\/v2\/types\/post"}],"author":[{"embeddable":true,"href":"https:\/\/www.etxalar.eus\/es\/wp-json\/wp\/v2\/users\/9"}],"replies":[{"embeddable":true,"href":"https:\/\/www.etxalar.eus\/es\/wp-json\/wp\/v2\/comments?post=10978"}],"version-history":[{"count":2,"href":"https:\/\/www.etxalar.eus\/es\/wp-json\/wp\/v2\/posts\/10978\/revisions"}],"predecessor-version":[{"id":10980,"href":"https:\/\/www.etxalar.eus\/es\/wp-json\/wp\/v2\/posts\/10978\/revisions\/10980"}],"wp:featuredmedia":[{"embeddable":true,"href":"https:\/\/www.etxalar.eus\/es\/wp-json\/wp\/v2\/media\/10977"}],"wp:attachment":[{"href":"https:\/\/www.etxalar.eus\/es\/wp-json\/wp\/v2\/media?parent=10978"}],"wp:term":[{"taxonomy":"category","embeddable":true,"href":"https:\/\/www.etxalar.eus\/es\/wp-json\/wp\/v2\/categories?post=10978"},{"taxonomy":"post_tag","embeddable":true,"href":"https:\/\/www.etxalar.eus\/es\/wp-json\/wp\/v2\/tags?post=10978"}],"curies":[{"name":"wp","href":"https:\/\/api.w.org\/{rel}","templated":true}]}}