{"id":10938,"date":"2021-03-08T16:41:24","date_gmt":"2021-03-08T16:41:24","guid":{"rendered":"https:\/\/www.etxalar.eus\/?p=10938"},"modified":"2021-03-08T16:45:41","modified_gmt":"2021-03-08T16:45:41","slug":"agenda-21","status":"publish","type":"post","link":"https:\/\/www.etxalar.eus\/es\/agenda-21\/","title":{"rendered":"Agenda 21"},"content":{"rendered":"<p>[tm_pb_section admin_label=\u00bbsection\u00bb][tm_pb_row admin_label=\u00bbrow\u00bb][tm_pb_column type=\u00bb1_2&#8243;][tm_pb_text admin_label=\u00bbAgenda 21 &#8211; texto\u00bb text_orientation=\u00bbjustified\u00bb use_border_color=\u00bboff\u00bb border_color=\u00bb#ffffff\u00bb border_style=\u00bbsolid\u00bb]<\/p>\n<p>El proceso de renovaci\u00f3n de la agenda 21 tiene dos fases: La que se hizo el a\u00f1o anterior (Diagnosis) y la que que se va a hacer este a\u00f1o, el llamado Plan de Acci\u00f3n Local. Para ello se han organizado dos talleres, uno en Lesaka y otro en Bera dirigido a todos los vecinos y agentes.<\/p>\n<p>An\u00edmate y participa.<\/p>\n<p><strong><a href=\"https:\/\/www.etxalar.eus\/wp-content\/uploads\/2021\/03\/FOLLETO-AGENDA-21-CAST-2-fase.pdf\" target=\"_blank\" rel=\"noopener noreferrer\">Descargar folleto<\/a><\/strong><\/p>\n<p>[\/tm_pb_text][\/tm_pb_column][tm_pb_column type=\u00bb1_2&#8243;][tm_pb_image admin_label=\u00bbcartel agenda 21&#8243; src=\u00bbhttps:\/\/www.etxalar.eus\/wp-content\/uploads\/2021\/03\/KARTELA-TAILERRAK-TOKI-AGENDA-21-gaz.jpg\u00bb show_in_lightbox=\u00bboff\u00bb url_new_window=\u00bboff\u00bb use_overlay=\u00bboff\u00bb animation=\u00bboff\u00bb sticky=\u00bboff\u00bb align=\u00bbcenter\u00bb force_fullwidth=\u00bboff\u00bb always_center_on_mobile=\u00bbon\u00bb use_border_color=\u00bboff\u00bb border_color=\u00bb#ffffff\u00bb border_style=\u00bbsolid\u00bb] [\/tm_pb_image][\/tm_pb_column][\/tm_pb_row][\/tm_pb_section]<\/p>\n","protected":false},"excerpt":{"rendered":"<p>Talleres del plan acci\u00f3n local.<\/p>\n","protected":false},"author":9,"featured_media":10935,"comment_status":"open","ping_status":"open","sticky":false,"template":"","format":"standard","meta":{"_et_pb_use_builder":"","_et_pb_old_content":"","_et_gb_content_width":"","footnotes":""},"categories":[],"tags":[],"class_list":["post-10938","post","type-post","status-publish","format-standard","has-post-thumbnail","hentry"],"_links":{"self":[{"href":"https:\/\/www.etxalar.eus\/es\/wp-json\/wp\/v2\/posts\/10938","targetHints":{"allow":["GET"]}}],"collection":[{"href":"https:\/\/www.etxalar.eus\/es\/wp-json\/wp\/v2\/posts"}],"about":[{"href":"https:\/\/www.etxalar.eus\/es\/wp-json\/wp\/v2\/types\/post"}],"author":[{"embeddable":true,"href":"https:\/\/www.etxalar.eus\/es\/wp-json\/wp\/v2\/users\/9"}],"replies":[{"embeddable":true,"href":"https:\/\/www.etxalar.eus\/es\/wp-json\/wp\/v2\/comments?post=10938"}],"version-history":[{"count":4,"href":"https:\/\/www.etxalar.eus\/es\/wp-json\/wp\/v2\/posts\/10938\/revisions"}],"predecessor-version":[{"id":10948,"href":"https:\/\/www.etxalar.eus\/es\/wp-json\/wp\/v2\/posts\/10938\/revisions\/10948"}],"wp:featuredmedia":[{"embeddable":true,"href":"https:\/\/www.etxalar.eus\/es\/wp-json\/wp\/v2\/media\/10935"}],"wp:attachment":[{"href":"https:\/\/www.etxalar.eus\/es\/wp-json\/wp\/v2\/media?parent=10938"}],"wp:term":[{"taxonomy":"category","embeddable":true,"href":"https:\/\/www.etxalar.eus\/es\/wp-json\/wp\/v2\/categories?post=10938"},{"taxonomy":"post_tag","embeddable":true,"href":"https:\/\/www.etxalar.eus\/es\/wp-json\/wp\/v2\/tags?post=10938"}],"curies":[{"name":"wp","href":"https:\/\/api.w.org\/{rel}","templated":true}]}}