{"id":10817,"date":"2021-02-24T15:39:44","date_gmt":"2021-02-24T15:39:44","guid":{"rendered":"https:\/\/www.etxalar.eus\/?p=10817"},"modified":"2021-02-24T15:39:44","modified_gmt":"2021-02-24T15:39:44","slug":"animado-dia-de-la-mujer-en-el-pueblo","status":"publish","type":"post","link":"https:\/\/www.etxalar.eus\/es\/animado-dia-de-la-mujer-en-el-pueblo\/","title":{"rendered":"Animado D\u00eda de la Mujer en el pueblo"},"content":{"rendered":"<p>[tm_pb_section admin_label=\u00bbsection\u00bb][tm_pb_row admin_label=\u00bbrow\u00bb][tm_pb_column type=\u00bb2_3&#8243;][tm_pb_text admin_label=\u00bb8 de marzo es el d\u00eda internacional de la mujer\u00bb text_orientation=\u00bbjustified\u00bb use_border_color=\u00bboff\u00bb border_color=\u00bb#ffffff\u00bb border_style=\u00bbsolid\u00bb]<\/p>\n<p>El d\u00eda 8 de marzo es el d\u00eda internacional de la mujer y en nuestro pueblo se celebrar\u00e1 el s\u00e1bado anterior. Para este d\u00eda el grupo feminista de Etxalar ha preparado un peque\u00f1o programa de actos:<\/p>\n<ul>\n<li>11:30. Animados con m\u00fasica se partir\u00e1 a la Casa de Cultura desde la plaza del pueblo.<\/li>\n<li>12:00. Actuaci\u00f3n teatral de Pantxika Lamur en la sala de la Casa de Cultura.<\/li>\n<li>Al finalizar, vuelta a la plaza acompa\u00f1ados de m\u00fasica.<\/li>\n<\/ul>\n<p>Las plazas para ver el teatro son limitadas, por tanto los interesados se han de apuntar de forma anticipada. Se ofrecer\u00e1n dos formas; Apuntar el nombre en lista del panel de la Casa de Cultura o bien llamando o enviando un mensaje al 625 98 60 13. Si sobaran plazas, se ofrecer\u00e1n el mismo d\u00eda.<\/p>\n<p>[\/tm_pb_text][\/tm_pb_column][tm_pb_column type=\u00bb1_3&#8243;][tm_pb_image admin_label=\u00bbPantxika Lamur\u00bb src=\u00bbhttps:\/\/www.etxalar.eus\/wp-content\/uploads\/2021\/02\/Pantxika-Lamur-web.jpg\u00bb show_in_lightbox=\u00bboff\u00bb url_new_window=\u00bboff\u00bb use_overlay=\u00bboff\u00bb animation=\u00bboff\u00bb sticky=\u00bboff\u00bb align=\u00bbcenter\u00bb force_fullwidth=\u00bboff\u00bb always_center_on_mobile=\u00bbon\u00bb use_border_color=\u00bboff\u00bb border_color=\u00bb#ffffff\u00bb border_style=\u00bbsolid\u00bb] [\/tm_pb_image][\/tm_pb_column][\/tm_pb_row][tm_pb_row admin_label=\u00bbRow\u00bb][tm_pb_column type=\u00bb1_4&#8243;][\/tm_pb_column][tm_pb_column type=\u00bb1_2&#8243;][tm_pb_image admin_label=\u00bbCartel\u00bb src=\u00bbhttps:\/\/www.etxalar.eus\/wp-content\/uploads\/2021\/02\/Matxoak-8-2021-M6-ona-Kartela-A4.jpg\u00bb show_in_lightbox=\u00bboff\u00bb url_new_window=\u00bboff\u00bb use_overlay=\u00bboff\u00bb animation=\u00bboff\u00bb sticky=\u00bboff\u00bb align=\u00bbcenter\u00bb force_fullwidth=\u00bboff\u00bb always_center_on_mobile=\u00bbon\u00bb use_border_color=\u00bboff\u00bb border_color=\u00bb#ffffff\u00bb border_style=\u00bbsolid\u00bb] [\/tm_pb_image][\/tm_pb_column][tm_pb_column type=\u00bb1_4&#8243;][\/tm_pb_column][\/tm_pb_row][\/tm_pb_section]<\/p>\n","protected":false},"excerpt":{"rendered":"<p>La celebraci\u00f3n en Etxalar se adelantar\u00e1 al d\u00eda 6 de marzo.<\/p>\n","protected":false},"author":9,"featured_media":10810,"comment_status":"open","ping_status":"open","sticky":false,"template":"","format":"standard","meta":{"_et_pb_use_builder":"","_et_pb_old_content":"","_et_gb_content_width":"","footnotes":""},"categories":[],"tags":[],"class_list":["post-10817","post","type-post","status-publish","format-standard","has-post-thumbnail","hentry"],"_links":{"self":[{"href":"https:\/\/www.etxalar.eus\/es\/wp-json\/wp\/v2\/posts\/10817","targetHints":{"allow":["GET"]}}],"collection":[{"href":"https:\/\/www.etxalar.eus\/es\/wp-json\/wp\/v2\/posts"}],"about":[{"href":"https:\/\/www.etxalar.eus\/es\/wp-json\/wp\/v2\/types\/post"}],"author":[{"embeddable":true,"href":"https:\/\/www.etxalar.eus\/es\/wp-json\/wp\/v2\/users\/9"}],"replies":[{"embeddable":true,"href":"https:\/\/www.etxalar.eus\/es\/wp-json\/wp\/v2\/comments?post=10817"}],"version-history":[{"count":2,"href":"https:\/\/www.etxalar.eus\/es\/wp-json\/wp\/v2\/posts\/10817\/revisions"}],"predecessor-version":[{"id":10819,"href":"https:\/\/www.etxalar.eus\/es\/wp-json\/wp\/v2\/posts\/10817\/revisions\/10819"}],"wp:featuredmedia":[{"embeddable":true,"href":"https:\/\/www.etxalar.eus\/es\/wp-json\/wp\/v2\/media\/10810"}],"wp:attachment":[{"href":"https:\/\/www.etxalar.eus\/es\/wp-json\/wp\/v2\/media?parent=10817"}],"wp:term":[{"taxonomy":"category","embeddable":true,"href":"https:\/\/www.etxalar.eus\/es\/wp-json\/wp\/v2\/categories?post=10817"},{"taxonomy":"post_tag","embeddable":true,"href":"https:\/\/www.etxalar.eus\/es\/wp-json\/wp\/v2\/tags?post=10817"}],"curies":[{"name":"wp","href":"https:\/\/api.w.org\/{rel}","templated":true}]}}