{"id":10799,"date":"2021-02-19T17:19:17","date_gmt":"2021-02-19T17:19:17","guid":{"rendered":"https:\/\/www.etxalar.eus\/?p=10799"},"modified":"2021-02-19T17:22:09","modified_gmt":"2021-02-19T17:22:09","slug":"curso-de-informatica","status":"publish","type":"post","link":"https:\/\/www.etxalar.eus\/es\/curso-de-informatica\/","title":{"rendered":"Curso de inform\u00e1tica"},"content":{"rendered":"<p>[tm_pb_section admin_label=\u00bbsection\u00bb][tm_pb_row admin_label=\u00bbrow\u00bb][tm_pb_column type=\u00bb1_3&#8243;][tm_pb_text admin_label=\u00bbText\u00bb text_orientation=\u00bbjustified\u00bb use_border_color=\u00bboff\u00bb border_color=\u00bb#ffffff\u00bb border_style=\u00bbsolid\u00bb]<\/p>\n<p>Para mediados de marzo, Landagain Guraso Elkartea ha organizado un curso de inform\u00e1tica. Este va dirigido a los padres de los alumnos de la escuela Landagain y es totalmente gratuito gracias a la ayuda econ\u00f3mica de la Fundaci\u00f3n La Caixa.<\/p>\n<p>En este curso, comenzando desde os b\u00e1sico, se ense\u00f1ar\u00e1n los servicios m\u00e1s utilizados hoy en d\u00eda y tambi\u00e9n algunas cosas para hacer con el m\u00f3vil.<\/p>\n<p>M\u00e1s informaci\u00f3n sobre el curso en el cartel.<\/p>\n<p>[\/tm_pb_text][\/tm_pb_column][tm_pb_column type=\u00bb2_3&#8243;][tm_pb_image admin_label=\u00bbCartel inform\u00e1tica\u00bb src=\u00bbhttps:\/\/www.etxalar.eus\/wp-content\/uploads\/2021\/02\/Informatika-ikastaroa-Gurasoa.jpg\u00bb show_in_lightbox=\u00bboff\u00bb url_new_window=\u00bboff\u00bb use_overlay=\u00bboff\u00bb animation=\u00bboff\u00bb sticky=\u00bboff\u00bb align=\u00bbcenter\u00bb force_fullwidth=\u00bboff\u00bb always_center_on_mobile=\u00bbon\u00bb use_border_color=\u00bboff\u00bb border_color=\u00bb#ffffff\u00bb border_style=\u00bbsolid\u00bb \/][\/tm_pb_column][\/tm_pb_row][\/tm_pb_section]<\/p>\n","protected":false},"excerpt":{"rendered":"<p>Organizado por Landagain Guraso Elkartea para los padres<\/p>\n","protected":false},"author":9,"featured_media":10803,"comment_status":"open","ping_status":"open","sticky":false,"template":"","format":"standard","meta":{"_et_pb_use_builder":"","_et_pb_old_content":"","_et_gb_content_width":"","footnotes":""},"categories":[1],"tags":[],"class_list":["post-10799","post","type-post","status-publish","format-standard","has-post-thumbnail","hentry","category-sin-categorizar"],"_links":{"self":[{"href":"https:\/\/www.etxalar.eus\/es\/wp-json\/wp\/v2\/posts\/10799","targetHints":{"allow":["GET"]}}],"collection":[{"href":"https:\/\/www.etxalar.eus\/es\/wp-json\/wp\/v2\/posts"}],"about":[{"href":"https:\/\/www.etxalar.eus\/es\/wp-json\/wp\/v2\/types\/post"}],"author":[{"embeddable":true,"href":"https:\/\/www.etxalar.eus\/es\/wp-json\/wp\/v2\/users\/9"}],"replies":[{"embeddable":true,"href":"https:\/\/www.etxalar.eus\/es\/wp-json\/wp\/v2\/comments?post=10799"}],"version-history":[{"count":1,"href":"https:\/\/www.etxalar.eus\/es\/wp-json\/wp\/v2\/posts\/10799\/revisions"}],"predecessor-version":[{"id":10802,"href":"https:\/\/www.etxalar.eus\/es\/wp-json\/wp\/v2\/posts\/10799\/revisions\/10802"}],"wp:featuredmedia":[{"embeddable":true,"href":"https:\/\/www.etxalar.eus\/es\/wp-json\/wp\/v2\/media\/10803"}],"wp:attachment":[{"href":"https:\/\/www.etxalar.eus\/es\/wp-json\/wp\/v2\/media?parent=10799"}],"wp:term":[{"taxonomy":"category","embeddable":true,"href":"https:\/\/www.etxalar.eus\/es\/wp-json\/wp\/v2\/categories?post=10799"},{"taxonomy":"post_tag","embeddable":true,"href":"https:\/\/www.etxalar.eus\/es\/wp-json\/wp\/v2\/tags?post=10799"}],"curies":[{"name":"wp","href":"https:\/\/api.w.org\/{rel}","templated":true}]}}