{"id":10647,"date":"2021-02-05T17:14:38","date_gmt":"2021-02-05T17:14:38","guid":{"rendered":"https:\/\/www.etxalar.eus\/?p=10647"},"modified":"2021-02-05T17:17:49","modified_gmt":"2021-02-05T17:17:49","slug":"jueves-gordo-2021","status":"publish","type":"post","link":"https:\/\/www.etxalar.eus\/es\/jueves-gordo-2021\/","title":{"rendered":"Jueves Gordo 2021"},"content":{"rendered":"<p>[tm_pb_section admin_label=\u00bbsection\u00bb][tm_pb_row admin_label=\u00bbrow\u00bb][tm_pb_column type=\u00bb4_4&#8243;][tm_pb_text admin_label=\u00bbJueves Gordo 2021 &#8211; Text\u00bb text_orientation=\u00bbjustified\u00bb use_border_color=\u00bboff\u00bb border_color=\u00bb#ffffff\u00bb border_style=\u00bbsolid\u00bb]<\/p>\n<p>La pandemia que estamos viviendo, tambi\u00e9n les ha afectado a los carnavales. En el caso del jueves gordo, las viejas costumbres no se podr\u00e1n llevar a cabo.<\/p>\n<p>Con este d\u00eda en Etxalar, las ni\u00f1as y ni\u00f1os de Etxalar durante toda la ma\u00f1ana van pidiendo por las casas y caser\u00edos del pueblo y van recogiendo tocino, huevos, caramelos y dem\u00e1s cosas, como manda la tradici\u00f3n vestidos de baserritarras. Por la tarde, los alumnos de la escuela Landagain, realizan teatros en puntos concretos del pueblo para finalizar esta hermosa jornada de celebraci\u00f3n con una merienda en la plaza del pueblo animada por los trikitilaris del pueblo.<\/p>\n<p>Esperamos que en el 2022 tengamos la oportunidad de celebrar un gran jueves gordo.<\/p>\n<p>En el siguiente cartel, la propuesta que hace las escuela Landagain a los vecinos e Etxalar para que se sientan los carnavales. \u00a1An\u00edmate t\u00fa tambi\u00e9n!<\/p>\n<p style=\"text-align: center;\"><img loading=\"lazy\" decoding=\"async\" class=\"alignnone wp-image-10650 size-large\" src=\"https:\/\/www.etxalar.eus\/wp-content\/uploads\/2021\/02\/ortzegun-gizena-kartela-Lan-724x1024.jpg\" alt=\"\" width=\"710\" height=\"1004\" srcset=\"https:\/\/www.etxalar.eus\/wp-content\/uploads\/2021\/02\/ortzegun-gizena-kartela-Lan-724x1024.jpg 724w, https:\/\/www.etxalar.eus\/wp-content\/uploads\/2021\/02\/ortzegun-gizena-kartela-Lan-212x300.jpg 212w, https:\/\/www.etxalar.eus\/wp-content\/uploads\/2021\/02\/ortzegun-gizena-kartela-Lan-768x1087.jpg 768w, https:\/\/www.etxalar.eus\/wp-content\/uploads\/2021\/02\/ortzegun-gizena-kartela-Lan-1085x1536.jpg 1085w, https:\/\/www.etxalar.eus\/wp-content\/uploads\/2021\/02\/ortzegun-gizena-kartela-Lan.jpg 1190w\" sizes=\"(max-width: 710px) 100vw, 710px\" \/><\/p>\n<p>[\/tm_pb_text][\/tm_pb_column][\/tm_pb_row][\/tm_pb_section]<\/p>\n","protected":false},"excerpt":{"rendered":"<p>Este a\u00f1o debido a pandemia, este d\u00eda especial celebrar\u00e1 de una forma sencilla.<\/p>\n","protected":false},"author":9,"featured_media":10648,"comment_status":"open","ping_status":"open","sticky":false,"template":"","format":"standard","meta":{"_et_pb_use_builder":"","_et_pb_old_content":"","_et_gb_content_width":"","footnotes":""},"categories":[259],"tags":[],"class_list":["post-10647","post","type-post","status-publish","format-standard","has-post-thumbnail","hentry","category-celebraciones"],"_links":{"self":[{"href":"https:\/\/www.etxalar.eus\/es\/wp-json\/wp\/v2\/posts\/10647","targetHints":{"allow":["GET"]}}],"collection":[{"href":"https:\/\/www.etxalar.eus\/es\/wp-json\/wp\/v2\/posts"}],"about":[{"href":"https:\/\/www.etxalar.eus\/es\/wp-json\/wp\/v2\/types\/post"}],"author":[{"embeddable":true,"href":"https:\/\/www.etxalar.eus\/es\/wp-json\/wp\/v2\/users\/9"}],"replies":[{"embeddable":true,"href":"https:\/\/www.etxalar.eus\/es\/wp-json\/wp\/v2\/comments?post=10647"}],"version-history":[{"count":2,"href":"https:\/\/www.etxalar.eus\/es\/wp-json\/wp\/v2\/posts\/10647\/revisions"}],"predecessor-version":[{"id":10653,"href":"https:\/\/www.etxalar.eus\/es\/wp-json\/wp\/v2\/posts\/10647\/revisions\/10653"}],"wp:featuredmedia":[{"embeddable":true,"href":"https:\/\/www.etxalar.eus\/es\/wp-json\/wp\/v2\/media\/10648"}],"wp:attachment":[{"href":"https:\/\/www.etxalar.eus\/es\/wp-json\/wp\/v2\/media?parent=10647"}],"wp:term":[{"taxonomy":"category","embeddable":true,"href":"https:\/\/www.etxalar.eus\/es\/wp-json\/wp\/v2\/categories?post=10647"},{"taxonomy":"post_tag","embeddable":true,"href":"https:\/\/www.etxalar.eus\/es\/wp-json\/wp\/v2\/tags?post=10647"}],"curies":[{"name":"wp","href":"https:\/\/api.w.org\/{rel}","templated":true}]}}