{"id":10517,"date":"2021-01-08T17:06:33","date_gmt":"2021-01-08T17:06:33","guid":{"rendered":"https:\/\/www.etxalar.eus\/?p=10517"},"modified":"2021-01-08T17:06:33","modified_gmt":"2021-01-08T17:06:33","slug":"helpbidea-metrobaserri","status":"publish","type":"post","link":"https:\/\/www.etxalar.eus\/es\/helpbidea-metrobaserri\/","title":{"rendered":"Helpbidea (Metrobaserri)"},"content":{"rendered":"<p>[tm_pb_section admin_label=\u00bbsection\u00bb][tm_pb_row admin_label=\u00bbrow\u00bb][tm_pb_column type=\u00bb1_2&#8243;][tm_pb_text admin_label=\u00bbMetrobaserri texto\u00bb text_orientation=\u00bbjustified\u00bb use_border_color=\u00bboff\u00bb border_color=\u00bb#ffffff\u00bb border_style=\u00bbsolid\u00bb]<\/p>\n<p>Hace unos meses se puso en marcha el proyecto <a href=\"https:\/\/www.etxalar.eus\/wp-content\/uploads\/2020\/07\/Etxalar_MetroBaserri_KATUBI-v7.pdf\">Helpbidea (MetroBaserri)<\/a>. Mediante este proyecto, con un \u00fanico identificador, se ubicaron y se se\u00f1alizaron los edificios, lo que significa que los edificios se ubicar\u00e1n con coordenadas GPS, especialmente para servicios de emergencia.<\/p>\n<p>En esta segunda fase se han colado un total de 30 carteles indicadores en los accesos de los barrios de los caser\u00edos, enumerando las viviendas en cada caso.<\/p>\n<p>[\/tm_pb_text][\/tm_pb_column][tm_pb_column type=\u00bb1_2&#8243;][tm_pb_text admin_label=\u00bbGaleria Carteles helpbidea\u00bb text_orientation=\u00bbcenter\u00bb use_border_color=\u00bboff\u00bb border_color=\u00bb#ffffff\u00bb border_style=\u00bbsolid\u00bb]<\/p>\n<p>[ngg src=\u00bbgalleries\u00bb ids=\u00bb44&#8243; display=\u00bbbasic_slideshow\u00bb]&nbsp;<\/p>\n<p>[\/tm_pb_text][\/tm_pb_column][\/tm_pb_row][\/tm_pb_section]<\/p>\n","protected":false},"excerpt":{"rendered":"<p>Se han realizado los trabajos de la 2\u00aa fase.<\/p>\n","protected":false},"author":9,"featured_media":10512,"comment_status":"open","ping_status":"open","sticky":false,"template":"","format":"standard","meta":{"_et_pb_use_builder":"","_et_pb_old_content":"","_et_gb_content_width":"","footnotes":""},"categories":[],"tags":[],"class_list":["post-10517","post","type-post","status-publish","format-standard","has-post-thumbnail","hentry"],"_links":{"self":[{"href":"https:\/\/www.etxalar.eus\/es\/wp-json\/wp\/v2\/posts\/10517","targetHints":{"allow":["GET"]}}],"collection":[{"href":"https:\/\/www.etxalar.eus\/es\/wp-json\/wp\/v2\/posts"}],"about":[{"href":"https:\/\/www.etxalar.eus\/es\/wp-json\/wp\/v2\/types\/post"}],"author":[{"embeddable":true,"href":"https:\/\/www.etxalar.eus\/es\/wp-json\/wp\/v2\/users\/9"}],"replies":[{"embeddable":true,"href":"https:\/\/www.etxalar.eus\/es\/wp-json\/wp\/v2\/comments?post=10517"}],"version-history":[{"count":2,"href":"https:\/\/www.etxalar.eus\/es\/wp-json\/wp\/v2\/posts\/10517\/revisions"}],"predecessor-version":[{"id":10519,"href":"https:\/\/www.etxalar.eus\/es\/wp-json\/wp\/v2\/posts\/10517\/revisions\/10519"}],"wp:featuredmedia":[{"embeddable":true,"href":"https:\/\/www.etxalar.eus\/es\/wp-json\/wp\/v2\/media\/10512"}],"wp:attachment":[{"href":"https:\/\/www.etxalar.eus\/es\/wp-json\/wp\/v2\/media?parent=10517"}],"wp:term":[{"taxonomy":"category","embeddable":true,"href":"https:\/\/www.etxalar.eus\/es\/wp-json\/wp\/v2\/categories?post=10517"},{"taxonomy":"post_tag","embeddable":true,"href":"https:\/\/www.etxalar.eus\/es\/wp-json\/wp\/v2\/tags?post=10517"}],"curies":[{"name":"wp","href":"https:\/\/api.w.org\/{rel}","templated":true}]}}