{"id":10148,"date":"2020-10-09T14:55:28","date_gmt":"2020-10-09T14:55:28","guid":{"rendered":"https:\/\/www.etxalar.eus\/?p=10148"},"modified":"2020-10-19T14:10:25","modified_gmt":"2020-10-19T14:10:25","slug":"dias-culturales-de-etxalar","status":"publish","type":"post","link":"https:\/\/www.etxalar.eus\/es\/dias-culturales-de-etxalar\/","title":{"rendered":"D\u00edas culturales de Etxalar"},"content":{"rendered":"<p>[tm_pb_section admin_label=\u00bbsection\u00bb][tm_pb_row admin_label=\u00bbrow\u00bb][tm_pb_column type=\u00bb4_4&#8243;][tm_pb_text admin_label=\u00bbEuskaraldia 2020&#8243; text_orientation=\u00bbjustified\u00bb use_border_color=\u00bboff\u00bb border_color=\u00bb#ffffff\u00bb border_style=\u00bbsolid\u00bb]<\/p>\n<p>La comisi\u00f3n de Euskera de Etxalar y Bortziriak han organizado 3 eventos para los pr\u00f3ximos 2 fines de semana, dos en la primera y uno en la segunda. Estos eventos se llevar\u00e1 n a cabo durante la campa\u00f1a de la 2\u00aa edici\u00f3n de Euskaraldia.<\/p>\n<p>\u00a1An\u00edmate y ac\u00e9rcate a disfrutar de los eventos!<\/p>\n<p style=\"text-align: center;\"><img loading=\"lazy\" decoding=\"async\" class=\"alignnone wp-image-10154 size-full\" src=\"https:\/\/www.etxalar.eus\/wp-content\/uploads\/2020\/10\/ETXALARKO-KULTUR-EGUNAK-2020-II.png\" alt=\"\" width=\"800\" height=\"800\" srcset=\"https:\/\/www.etxalar.eus\/wp-content\/uploads\/2020\/10\/ETXALARKO-KULTUR-EGUNAK-2020-II.png 800w, https:\/\/www.etxalar.eus\/wp-content\/uploads\/2020\/10\/ETXALARKO-KULTUR-EGUNAK-2020-II-300x300.png 300w, https:\/\/www.etxalar.eus\/wp-content\/uploads\/2020\/10\/ETXALARKO-KULTUR-EGUNAK-2020-II-150x150.png 150w, https:\/\/www.etxalar.eus\/wp-content\/uploads\/2020\/10\/ETXALARKO-KULTUR-EGUNAK-2020-II-768x768.png 768w, https:\/\/www.etxalar.eus\/wp-content\/uploads\/2020\/10\/ETXALARKO-KULTUR-EGUNAK-2020-II-400x400.png 400w, https:\/\/www.etxalar.eus\/wp-content\/uploads\/2020\/10\/ETXALARKO-KULTUR-EGUNAK-2020-II-512x512.png 512w\" sizes=\"(max-width: 800px) 100vw, 800px\" \/><\/p>\n<p>[\/tm_pb_text][\/tm_pb_column][\/tm_pb_row][\/tm_pb_section]<\/p>\n","protected":false},"excerpt":{"rendered":"<p>En los pr\u00f3ximos fines de semana diferentes eventos en la casa de cultura.<\/p>\n","protected":false},"author":9,"featured_media":10143,"comment_status":"open","ping_status":"open","sticky":false,"template":"","format":"standard","meta":{"_et_pb_use_builder":"","_et_pb_old_content":"","_et_gb_content_width":"","footnotes":""},"categories":[267],"tags":[],"class_list":["post-10148","post","type-post","status-publish","format-standard","has-post-thumbnail","hentry","category-casa-de-cultura"],"_links":{"self":[{"href":"https:\/\/www.etxalar.eus\/es\/wp-json\/wp\/v2\/posts\/10148","targetHints":{"allow":["GET"]}}],"collection":[{"href":"https:\/\/www.etxalar.eus\/es\/wp-json\/wp\/v2\/posts"}],"about":[{"href":"https:\/\/www.etxalar.eus\/es\/wp-json\/wp\/v2\/types\/post"}],"author":[{"embeddable":true,"href":"https:\/\/www.etxalar.eus\/es\/wp-json\/wp\/v2\/users\/9"}],"replies":[{"embeddable":true,"href":"https:\/\/www.etxalar.eus\/es\/wp-json\/wp\/v2\/comments?post=10148"}],"version-history":[{"count":2,"href":"https:\/\/www.etxalar.eus\/es\/wp-json\/wp\/v2\/posts\/10148\/revisions"}],"predecessor-version":[{"id":10156,"href":"https:\/\/www.etxalar.eus\/es\/wp-json\/wp\/v2\/posts\/10148\/revisions\/10156"}],"wp:featuredmedia":[{"embeddable":true,"href":"https:\/\/www.etxalar.eus\/es\/wp-json\/wp\/v2\/media\/10143"}],"wp:attachment":[{"href":"https:\/\/www.etxalar.eus\/es\/wp-json\/wp\/v2\/media?parent=10148"}],"wp:term":[{"taxonomy":"category","embeddable":true,"href":"https:\/\/www.etxalar.eus\/es\/wp-json\/wp\/v2\/categories?post=10148"},{"taxonomy":"post_tag","embeddable":true,"href":"https:\/\/www.etxalar.eus\/es\/wp-json\/wp\/v2\/tags?post=10148"}],"curies":[{"name":"wp","href":"https:\/\/api.w.org\/{rel}","templated":true}]}}