{"id":10028,"date":"2020-08-11T09:47:41","date_gmt":"2020-08-11T09:47:41","guid":{"rendered":"https:\/\/www.etxalar.eus\/?p=10028"},"modified":"2020-08-11T09:47:41","modified_gmt":"2020-08-11T09:47:41","slug":"las-fiestas-de-etxalar-2020-suspendidas","status":"publish","type":"post","link":"https:\/\/www.etxalar.eus\/es\/las-fiestas-de-etxalar-2020-suspendidas\/","title":{"rendered":"LAS FIESTAS DE ETXALAR 2020 SUSPENDIDAS"},"content":{"rendered":"<p>[tm_pb_section admin_label=\u00bbsection\u00bb][tm_pb_row admin_label=\u00bbrow\u00bb][tm_pb_column type=\u00bb4_4&#8243;][tm_pb_text admin_label=\u00bbFiestas 2020 &#8211; Texto\u00bb text_orientation=\u00bbjustified\u00bb use_border_color=\u00bboff\u00bb border_color=\u00bb#ffffff\u00bb border_style=\u00bbsolid\u00bb]<\/p>\n<p>Debido a las consecuencias de la pandemia del Covid-19, este a\u00f1o no se celebrar\u00e1n las fiestas patronales de Etxalar y adem\u00e1s se aplicar\u00e1n medidas especiales.<\/p>\n<p>Ver el <a href=\"https:\/\/www.etxalar.eus\/wp-content\/uploads\/2020\/08\/Etxalarko-Bestak-2020-Bandoa-Ez-Bestak.pdf\" target=\"_blank\" rel=\"noopener noreferrer\">bandoa<\/a><\/p>\n<p>[\/tm_pb_text][\/tm_pb_column][\/tm_pb_row][\/tm_pb_section]<\/p>\n","protected":false},"excerpt":{"rendered":"<p>Los bares deber\u00e1n estar cerrados para las 00h.<\/p>\n","protected":false},"author":9,"featured_media":10026,"comment_status":"open","ping_status":"open","sticky":false,"template":"","format":"standard","meta":{"_et_pb_use_builder":"","_et_pb_old_content":"","_et_gb_content_width":"","footnotes":""},"categories":[],"tags":[],"class_list":["post-10028","post","type-post","status-publish","format-standard","has-post-thumbnail","hentry"],"_links":{"self":[{"href":"https:\/\/www.etxalar.eus\/es\/wp-json\/wp\/v2\/posts\/10028","targetHints":{"allow":["GET"]}}],"collection":[{"href":"https:\/\/www.etxalar.eus\/es\/wp-json\/wp\/v2\/posts"}],"about":[{"href":"https:\/\/www.etxalar.eus\/es\/wp-json\/wp\/v2\/types\/post"}],"author":[{"embeddable":true,"href":"https:\/\/www.etxalar.eus\/es\/wp-json\/wp\/v2\/users\/9"}],"replies":[{"embeddable":true,"href":"https:\/\/www.etxalar.eus\/es\/wp-json\/wp\/v2\/comments?post=10028"}],"version-history":[{"count":0,"href":"https:\/\/www.etxalar.eus\/es\/wp-json\/wp\/v2\/posts\/10028\/revisions"}],"wp:featuredmedia":[{"embeddable":true,"href":"https:\/\/www.etxalar.eus\/es\/wp-json\/wp\/v2\/media\/10026"}],"wp:attachment":[{"href":"https:\/\/www.etxalar.eus\/es\/wp-json\/wp\/v2\/media?parent=10028"}],"wp:term":[{"taxonomy":"category","embeddable":true,"href":"https:\/\/www.etxalar.eus\/es\/wp-json\/wp\/v2\/categories?post=10028"},{"taxonomy":"post_tag","embeddable":true,"href":"https:\/\/www.etxalar.eus\/es\/wp-json\/wp\/v2\/tags?post=10028"}],"curies":[{"name":"wp","href":"https:\/\/api.w.org\/{rel}","templated":true}]}}