{"id":10009,"date":"2020-08-03T10:15:13","date_gmt":"2020-08-03T10:15:13","guid":{"rendered":"https:\/\/www.etxalar.eus\/?p=10009"},"modified":"2020-08-03T10:15:13","modified_gmt":"2020-08-03T10:15:13","slug":"las-palomeras-temporada-2020","status":"publish","type":"post","link":"https:\/\/www.etxalar.eus\/es\/las-palomeras-temporada-2020\/","title":{"rendered":"LAS PALOMERAS: TEMPORADA 2020"},"content":{"rendered":"<p>[tm_pb_section admin_label=\u00bbsection\u00bb][tm_pb_row admin_label=\u00bbrow\u00bb][tm_pb_column type=\u00bb4_4&#8243;][tm_pb_text admin_label=\u00bbLas palomeras &#8211; Texto subasta\u00bb text_orientation=\u00bbjustified\u00bb use_border_color=\u00bboff\u00bb border_color=\u00bb#ffffff\u00bb border_style=\u00bbsolid\u00bb]<\/p>\n<p>El ayuntamiento de Etxalar otro a\u00f1o m\u00e1s sacar\u00e1 a subasta los puestos del coto de caza del monte Iarmendi. La subasta se llevar\u00e1 a cabo en el ayuntamiento de Etxalar el 5 septiembre a las 12h del mediod\u00eda.<\/p>\n<p>En este <a href=\"https:\/\/www.etxalar.eus\/wp-content\/uploads\/2020\/08\/2020ko-usategiak-baldintza-plegua-WEB-ele-biz.pdf\" target=\"_blank\" rel=\"noopener noreferrer\">documento<\/a> todas las condiciones.<\/p>\n<p>[\/tm_pb_text][\/tm_pb_column][\/tm_pb_row][\/tm_pb_section]<\/p>\n","protected":false},"excerpt":{"rendered":"<p>Se han publicado las condiciones de los puestos de Iarmendi.<\/p>\n","protected":false},"author":9,"featured_media":10007,"comment_status":"open","ping_status":"open","sticky":false,"template":"","format":"standard","meta":{"_et_pb_use_builder":"","_et_pb_old_content":"","_et_gb_content_width":"","footnotes":""},"categories":[],"tags":[],"class_list":["post-10009","post","type-post","status-publish","format-standard","has-post-thumbnail","hentry"],"_links":{"self":[{"href":"https:\/\/www.etxalar.eus\/es\/wp-json\/wp\/v2\/posts\/10009","targetHints":{"allow":["GET"]}}],"collection":[{"href":"https:\/\/www.etxalar.eus\/es\/wp-json\/wp\/v2\/posts"}],"about":[{"href":"https:\/\/www.etxalar.eus\/es\/wp-json\/wp\/v2\/types\/post"}],"author":[{"embeddable":true,"href":"https:\/\/www.etxalar.eus\/es\/wp-json\/wp\/v2\/users\/9"}],"replies":[{"embeddable":true,"href":"https:\/\/www.etxalar.eus\/es\/wp-json\/wp\/v2\/comments?post=10009"}],"version-history":[{"count":0,"href":"https:\/\/www.etxalar.eus\/es\/wp-json\/wp\/v2\/posts\/10009\/revisions"}],"wp:featuredmedia":[{"embeddable":true,"href":"https:\/\/www.etxalar.eus\/es\/wp-json\/wp\/v2\/media\/10007"}],"wp:attachment":[{"href":"https:\/\/www.etxalar.eus\/es\/wp-json\/wp\/v2\/media?parent=10009"}],"wp:term":[{"taxonomy":"category","embeddable":true,"href":"https:\/\/www.etxalar.eus\/es\/wp-json\/wp\/v2\/categories?post=10009"},{"taxonomy":"post_tag","embeddable":true,"href":"https:\/\/www.etxalar.eus\/es\/wp-json\/wp\/v2\/tags?post=10009"}],"curies":[{"name":"wp","href":"https:\/\/api.w.org\/{rel}","templated":true}]}}